{"id":192267,"date":"2021-07-06T18:45:28","date_gmt":"2021-07-06T16:45:28","guid":{"rendered":"https:\/\/zjarr.tv\/?p=192267"},"modified":"2021-07-06T18:45:28","modified_gmt":"2021-07-06T16:45:28","slug":"taulant-balla-ne-samitin-boteror-me-partine-komuniste-kineze-kemi-rritur-shkembimin-ekonomik","status":"publish","type":"post","link":"https:\/\/zjarr.tv\/en\/taulant-balla-ne-samitin-boteror-me-partine-komuniste-kineze-kemi-rritur-shkembimin-ekonomik\/","title":{"rendered":"Taulant Balla n\u00eb Samitin Bot\u00ebror me Partin\u00eb Komuniste Kineze: Kemi rritur shk\u00ebmbimin ekonomik"},"content":{"rendered":"<p>Kreu i Grupit Parlamentar t\u00eb PS, Taulant Balla ka marr\u00eb pjes\u00eb n\u00eb Samitin Bot\u00ebror t\u00eb Partive Politike, s\u00eb bashku me Partin\u00eb Komuniste t\u00eb Kin\u00ebs.<\/p>\n<p>Sekretari i P\u00ebrgjithsh\u00ebm i PS b\u00ebn me dije me an\u00eb t\u00eb nj\u00eb sh\u00ebnimi n\u00eb Facebook, se n\u00eb samit \u00ebsht\u00eb diskutuar mbi marr\u00ebdh\u00ebniet ekonomike mes dy vendeve.<\/p>\n<p>Numri 2 i Partis\u00eb Socialiste thekson se 8% e totalit t\u00eb v\u00ebllimit ton\u00eb tregtar e z\u00eb Kina, nd\u00ebrsa eksportet shqiptare po rriten ndjesh\u00ebm.<\/p>\n<p>\u201cN\u00eb Samitin Bot\u00ebror t\u00eb Partive Politike me PK t\u00eb Kin\u00ebs. Mes Shqip\u00ebris\u00eb dhe Kin\u00ebs ekziston nj\u00eb klim\u00eb e mir\u00eb bashk\u00ebpunimi dypal\u00ebsh, me nj\u00eb nivel t\u00eb k\u00ebnaqsh\u00ebm t\u00eb dialogut politik dhe t\u00eb shk\u00ebmbimit t\u00eb vizitave dypal\u00ebshe. Bashk\u00ebpunimi ekonomik midis dy vendeve \u00ebsht\u00eb rritur. Kina z\u00eb af\u00ebr 8% t\u00eb totalit t\u00eb v\u00ebllimit ton\u00eb tregtar, nd\u00ebrsa eksportet shqiptare drejt Kin\u00ebs po vazhdojn\u00eb t\u00eb rriten ndjesh\u00ebm\u201d, shkruan Balla.<\/p>\n<p><img loading=\"lazy\" decoding=\"async\" class=\"alignnone size-medium wp-image-192269\" src=\"https:\/\/zjarr.tv\/wp-content\/uploads\/2021\/07\/aaaa-212x300.png\" alt=\"\" width=\"212\" height=\"300\" srcset=\"https:\/\/zjarr.tv\/wp-content\/uploads\/2021\/07\/aaaa-212x300.png 212w, https:\/\/zjarr.tv\/wp-content\/uploads\/2021\/07\/aaaa-297x420.png 297w, https:\/\/zjarr.tv\/wp-content\/uploads\/2021\/07\/aaaa.png 503w\" sizes=\"auto, (max-width: 212px) 100vw, 212px\" \/><\/p>","protected":false},"excerpt":{"rendered":"<p>Kreu i Grupit Parlamentar t\u00eb PS, Taulant Balla ka marr\u00eb pjes\u00eb n\u00eb Samitin Bot\u00ebror t\u00eb Partive Politike, s\u00eb bashku me Partin\u00eb Komuniste t\u00eb Kin\u00ebs. Sekretari i P\u00ebrgjithsh\u00ebm i PS b\u00ebn me dije me an\u00eb t\u00eb nj\u00eb sh\u00ebnimi n\u00eb Facebook, se n\u00eb samit \u00ebsht\u00eb diskutuar mbi marr\u00ebdh\u00ebniet ekonomike mes dy vendeve. Numri 2 i Partis\u00eb Socialiste [&hellip;]<\/p>\n","protected":false},"author":2031,"featured_media":192268,"comment_status":"closed","ping_status":"closed","sticky":false,"template":"","format":"standard","meta":{"footnotes":""},"categories":[231],"tags":[],"class_list":{"0":"post-192267","1":"post","2":"type-post","3":"status-publish","4":"format-standard","5":"has-post-thumbnail","7":"category-lajme"},"_links":{"self":[{"href":"https:\/\/zjarr.tv\/en\/wp-json\/wp\/v2\/posts\/192267","targetHints":{"allow":["GET"]}}],"collection":[{"href":"https:\/\/zjarr.tv\/en\/wp-json\/wp\/v2\/posts"}],"about":[{"href":"https:\/\/zjarr.tv\/en\/wp-json\/wp\/v2\/types\/post"}],"author":[{"embeddable":true,"href":"https:\/\/zjarr.tv\/en\/wp-json\/wp\/v2\/users\/2031"}],"replies":[{"embeddable":true,"href":"https:\/\/zjarr.tv\/en\/wp-json\/wp\/v2\/comments?post=192267"}],"version-history":[{"count":0,"href":"https:\/\/zjarr.tv\/en\/wp-json\/wp\/v2\/posts\/192267\/revisions"}],"wp:featuredmedia":[{"embeddable":true,"href":"https:\/\/zjarr.tv\/en\/wp-json\/wp\/v2\/media\/192268"}],"wp:attachment":[{"href":"https:\/\/zjarr.tv\/en\/wp-json\/wp\/v2\/media?parent=192267"}],"wp:term":[{"taxonomy":"category","embeddable":true,"href":"https:\/\/zjarr.tv\/en\/wp-json\/wp\/v2\/categories?post=192267"},{"taxonomy":"post_tag","embeddable":true,"href":"https:\/\/zjarr.tv\/en\/wp-json\/wp\/v2\/tags?post=192267"}],"curies":[{"name":"wp","href":"https:\/\/api.w.org\/{rel}","templated":true}]}}