{"id":192274,"date":"2021-07-06T19:14:43","date_gmt":"2021-07-06T17:14:43","guid":{"rendered":"https:\/\/zjarr.tv\/?p=192274"},"modified":"2021-07-06T19:14:43","modified_gmt":"2021-07-06T17:14:43","slug":"ka-nis-operacioni-jakat-e-bardha-gazetari-thote-se-radhen-per-tu-arrestuar-e-kane-deputete-ministra-dhe-ish-ministra","status":"publish","type":"post","link":"https:\/\/zjarr.tv\/en\/ka-nis-operacioni-jakat-e-bardha-gazetari-thote-se-radhen-per-tu-arrestuar-e-kane-deputete-ministra-dhe-ish-ministra\/","title":{"rendered":"\u201cKa nis operacioni Jakat e Bardha\u201d, gazetari thot\u00eb se radh\u00ebn p\u00ebr t\u2019u arrestuar e kan\u00eb deputet\u00eb, ministra dhe ish-ministra"},"content":{"rendered":"<p>Struktura e Posa\u00e7me Kund\u00ebr Korrupsionit dhe Krimit t\u00eb Organizuar \u00e7oi sot pas hekurave kryebashkiakun e Lushnjes si dhe 10 zyrtar\u00eb e biznesmen\u00eb n\u00eb k\u00ebt\u00eb qytet.<\/p>\n<p>Prangosja e Fatos Tushes me akuz\u00ebn e \u201cshp\u00ebrdorimit t\u00eb detyr\u00ebs\u201d, \u00ebsht\u00eb nj\u00eb nga arrestimet n\u00eb nivele t\u00eb larta zyrtar\u00ebsh n\u00eb vitet e fundit.<\/p>\n<p>Nj\u00eb nd\u00ebr ata q\u00eb mendojn\u00eb se kjo val\u00eb arrestimesh nga SPAK do t\u00eb vijoj\u00eb, madje edhe n\u00eb nivele m\u00eb t\u00eb latra, \u00ebsht\u00eb gazetari i kronik\u00ebs Arsen Rusta.<\/p>\n<p>Ai thot\u00eb se priten arrestime deputet\u00ebsh e ish deputet\u00ebsh, madje edhe ministra e ish-ministra.<\/p>\n<p><img loading=\"lazy\" decoding=\"async\" class=\"alignnone size-medium wp-image-192276\" src=\"https:\/\/zjarr.tv\/wp-content\/uploads\/2021\/07\/sdfswf3efggg-1-271x300.jpg\" alt=\"\" width=\"271\" height=\"300\" srcset=\"https:\/\/zjarr.tv\/wp-content\/uploads\/2021\/07\/sdfswf3efggg-1-271x300.jpg 271w, https:\/\/zjarr.tv\/wp-content\/uploads\/2021\/07\/sdfswf3efggg-1-380x420.jpg 380w, https:\/\/zjarr.tv\/wp-content\/uploads\/2021\/07\/sdfswf3efggg-1.jpg 470w\" sizes=\"auto, (max-width: 271px) 100vw, 271px\" \/><\/p>","protected":false},"excerpt":{"rendered":"<p>Struktura e Posa\u00e7me Kund\u00ebr Korrupsionit dhe Krimit t\u00eb Organizuar \u00e7oi sot pas hekurave kryebashkiakun e Lushnjes si dhe 10 zyrtar\u00eb e biznesmen\u00eb n\u00eb k\u00ebt\u00eb qytet. Prangosja e Fatos Tushes me akuz\u00ebn e \u201cshp\u00ebrdorimit t\u00eb detyr\u00ebs\u201d, \u00ebsht\u00eb nj\u00eb nga arrestimet n\u00eb nivele t\u00eb larta zyrtar\u00ebsh n\u00eb vitet e fundit. Nj\u00eb nd\u00ebr ata q\u00eb mendojn\u00eb se kjo [&hellip;]<\/p>\n","protected":false},"author":2031,"featured_media":192275,"comment_status":"closed","ping_status":"closed","sticky":false,"template":"","format":"standard","meta":{"footnotes":""},"categories":[231],"tags":[],"class_list":{"0":"post-192274","1":"post","2":"type-post","3":"status-publish","4":"format-standard","5":"has-post-thumbnail","7":"category-lajme"},"_links":{"self":[{"href":"https:\/\/zjarr.tv\/en\/wp-json\/wp\/v2\/posts\/192274","targetHints":{"allow":["GET"]}}],"collection":[{"href":"https:\/\/zjarr.tv\/en\/wp-json\/wp\/v2\/posts"}],"about":[{"href":"https:\/\/zjarr.tv\/en\/wp-json\/wp\/v2\/types\/post"}],"author":[{"embeddable":true,"href":"https:\/\/zjarr.tv\/en\/wp-json\/wp\/v2\/users\/2031"}],"replies":[{"embeddable":true,"href":"https:\/\/zjarr.tv\/en\/wp-json\/wp\/v2\/comments?post=192274"}],"version-history":[{"count":0,"href":"https:\/\/zjarr.tv\/en\/wp-json\/wp\/v2\/posts\/192274\/revisions"}],"wp:featuredmedia":[{"embeddable":true,"href":"https:\/\/zjarr.tv\/en\/wp-json\/wp\/v2\/media\/192275"}],"wp:attachment":[{"href":"https:\/\/zjarr.tv\/en\/wp-json\/wp\/v2\/media?parent=192274"}],"wp:term":[{"taxonomy":"category","embeddable":true,"href":"https:\/\/zjarr.tv\/en\/wp-json\/wp\/v2\/categories?post=192274"},{"taxonomy":"post_tag","embeddable":true,"href":"https:\/\/zjarr.tv\/en\/wp-json\/wp\/v2\/tags?post=192274"}],"curies":[{"name":"wp","href":"https:\/\/api.w.org\/{rel}","templated":true}]}}