{"id":192279,"date":"2021-07-06T19:39:35","date_gmt":"2021-07-06T17:39:35","guid":{"rendered":"https:\/\/zjarr.tv\/?p=192279"},"modified":"2021-07-06T19:39:35","modified_gmt":"2021-07-06T17:39:35","slug":"nese-do-te-kishte-fytyren-sic-ka-barkun-ministri-i-brendshem-serb-ofendon-rende-vjosa-osmanin","status":"publish","type":"post","link":"https:\/\/zjarr.tv\/en\/nese-do-te-kishte-fytyren-sic-ka-barkun-ministri-i-brendshem-serb-ofendon-rende-vjosa-osmanin\/","title":{"rendered":"\u2018N\u00ebse do t\u00eb kishte fytyr\u00ebn si\u00e7 ka barkun\u2026\u2019, ministri i Brendsh\u00ebm serb ofendon r\u00ebnd\u00eb Vjosa Osmanin"},"content":{"rendered":"<p>Ministri i Pun\u00ebve t\u00eb Brendshme t\u00eb Serbis\u00eb, Aleksandar Vulin, ka fyer Presidenten e Kosov\u00ebs, Vjosa Osmani. Vulin \u00ebsht\u00eb marr\u00eb me nj\u00eb deklarat\u00eb t\u00eb presidentes Osmani, dh\u00ebn\u00eb p\u00ebr revist\u00ebn \u201cDer Spiegel\u201d dhe si \u201ckund\u00ebrp\u00ebrgjigje\u201d e ka fyer duke u marr\u00eb me fizikun e saj.<\/p>\n<p>\u201cN\u00ebse Osmani do t\u00eb kishte fytyr\u00ebn si\u00e7 e ka barkun, p\u00ebr g\u00ebnjeshtrat q\u00eb thot\u00eb, gjat\u00eb do t\u00eb p\u00ebrkulej para \u2018sht\u00ebpis\u00eb s\u00eb verdh\u00eb\u2019\u201d, ka th\u00ebn\u00eb Vulin.<\/p>\n<p>Sipas asaj q\u00eb raporton Koha.net, Vulin nuk \u00ebsht\u00eb hera e par\u00eb q\u00eb fyen politikan\u00ebt shqiptar\u00eb dhe shqiptar\u00ebt n\u00eb p\u00ebrgjith\u00ebsi. N\u00eb fakt, ai ka nxjerr nga konteksti deklarat\u00ebn e Osmanit. Ajo nuk ka th\u00ebn\u00eb se pret q\u00eb Serbia t\u00eb bie n\u00eb gjunj\u00eb, p\u00ebr \u00e7ka ka reaguar Vulini.<\/p>\n<p>\u201cE kam zgjedhur nocionin gjenocid me vet\u00ebdije. Ai p\u00ebrshkruan q\u00ebllimin e nj\u00eb vendi p\u00ebr t\u00eb shfarosur nj\u00eb komb. Dhe pik\u00ebrisht kjo ka ndodhur n\u00eb Kosov\u00eb. E kam fjal\u00ebn p\u00ebr ngjarjet n\u00eb Mej\u00eb, e njohur si \u2018Srebrenica e Kosov\u00ebs\u2019, dhe n\u00eb Poklek, ku jo vet\u00ebm jan\u00eb vrar\u00eb 54 f\u00ebmij\u00eb dhe plaka, por pastaj edhe jan\u00eb djegur.<\/p>\n<p>Q\u00ebllimi ka qen\u00eb q\u00eb t\u00eb zhduken nga faqja e dheut. Willy Brandt ka th\u00ebn\u00eb nj\u00ebher\u00eb se kur mungojn\u00eb fjal\u00ebt, duhet r\u00ebn\u00eb n\u00eb gjunj\u00eb. Pik\u00ebrisht k\u00ebt\u00eb e presim nga Serbia: r\u00ebnien n\u00eb gjunj\u00eb\u201d, ka th\u00ebn\u00eb Osmani, si p\u00ebrgjigje p\u00ebr gazetarin q\u00eb insistoi t\u00eb dij\u00eb pse po e p\u00ebrdor termin gjenocid p\u00ebr krimet q\u00eb ka kryer Serbia.<\/p>","protected":false},"excerpt":{"rendered":"<p>Ministri i Pun\u00ebve t\u00eb Brendshme t\u00eb Serbis\u00eb, Aleksandar Vulin, ka fyer Presidenten e Kosov\u00ebs, Vjosa Osmani. Vulin \u00ebsht\u00eb marr\u00eb me nj\u00eb deklarat\u00eb t\u00eb presidentes Osmani, dh\u00ebn\u00eb p\u00ebr revist\u00ebn \u201cDer Spiegel\u201d dhe si \u201ckund\u00ebrp\u00ebrgjigje\u201d e ka fyer duke u marr\u00eb me fizikun e saj. \u201cN\u00ebse Osmani do t\u00eb kishte fytyr\u00ebn si\u00e7 e ka barkun, p\u00ebr g\u00ebnjeshtrat [&hellip;]<\/p>\n","protected":false},"author":2031,"featured_media":192280,"comment_status":"closed","ping_status":"closed","sticky":false,"template":"","format":"standard","meta":{"footnotes":""},"categories":[231],"tags":[],"class_list":{"0":"post-192279","1":"post","2":"type-post","3":"status-publish","4":"format-standard","5":"has-post-thumbnail","7":"category-lajme"},"_links":{"self":[{"href":"https:\/\/zjarr.tv\/en\/wp-json\/wp\/v2\/posts\/192279","targetHints":{"allow":["GET"]}}],"collection":[{"href":"https:\/\/zjarr.tv\/en\/wp-json\/wp\/v2\/posts"}],"about":[{"href":"https:\/\/zjarr.tv\/en\/wp-json\/wp\/v2\/types\/post"}],"author":[{"embeddable":true,"href":"https:\/\/zjarr.tv\/en\/wp-json\/wp\/v2\/users\/2031"}],"replies":[{"embeddable":true,"href":"https:\/\/zjarr.tv\/en\/wp-json\/wp\/v2\/comments?post=192279"}],"version-history":[{"count":0,"href":"https:\/\/zjarr.tv\/en\/wp-json\/wp\/v2\/posts\/192279\/revisions"}],"wp:featuredmedia":[{"embeddable":true,"href":"https:\/\/zjarr.tv\/en\/wp-json\/wp\/v2\/media\/192280"}],"wp:attachment":[{"href":"https:\/\/zjarr.tv\/en\/wp-json\/wp\/v2\/media?parent=192279"}],"wp:term":[{"taxonomy":"category","embeddable":true,"href":"https:\/\/zjarr.tv\/en\/wp-json\/wp\/v2\/categories?post=192279"},{"taxonomy":"post_tag","embeddable":true,"href":"https:\/\/zjarr.tv\/en\/wp-json\/wp\/v2\/tags?post=192279"}],"curies":[{"name":"wp","href":"https:\/\/api.w.org\/{rel}","templated":true}]}}