{"id":193634,"date":"2021-07-14T16:02:51","date_gmt":"2021-07-14T14:02:51","guid":{"rendered":"https:\/\/zjarr.tv\/?p=193634"},"modified":"2021-07-14T16:02:51","modified_gmt":"2021-07-14T14:02:51","slug":"papandreu-pyet-ramen-si-e-ka-fituar-mandatin-e-trete-kryeministri-tregon-sekretin-partine-e-kemi-ndryshuar-aq-shume-me-njerez-te-rinj","status":"publish","type":"post","link":"https:\/\/zjarr.tv\/en\/papandreu-pyet-ramen-si-e-ka-fituar-mandatin-e-trete-kryeministri-tregon-sekretin-partine-e-kemi-ndryshuar-aq-shume-me-njerez-te-rinj\/","title":{"rendered":"Papandreu pyet Ram\u00ebn si e ka fituar mandatin e tret\u00eb\/ Kryeministri tregon sekretin: Partin\u00eb e kemi ndryshuar aq shum\u00eb me njer\u00ebz t\u00eb rinj\u2026"},"content":{"rendered":"<p>Kryeministri Edi Rama, \u00ebsht\u00eb duke marr\u00eb pjes\u00eb n\u00eb nj\u00eb simpozium n\u00eb Greqi, organizuar nga ish-kryeministri grek Jorgo Papandreu.<\/p>\n<p>Ky i fundit e ka prezantuar Ram\u00ebn si nj\u00eb mik t\u00eb vjet\u00ebr, nd\u00ebrsa e ka uruar p\u00ebr fitoren e mandatit t\u00eb tret\u00eb, e ka pyetur se si ia doli q\u00eb t\u00eb bind\u00eb shqiptar\u00ebt p\u00ebr t\u2019i besuar edhe nj\u00eb kat\u00ebr-vje\u00e7ar.<\/p>\n<p>Rama ka renditur disa pika, nd\u00ebr to ndryshimi i vazhduesh\u00ebm i Partis\u00eb Socialiste. Rama ve\u00e7oi edhe sh\u00ebrbimet online, p\u00ebr t\u00eb cilat tha se \u201cna shp\u00ebtuan\u201d gjat\u00eb pandemis\u00eb, kur njer\u00ebzit mund t\u00eb t\u00ebrhiqnin dokumente online, pa qen\u00eb nevoja t\u00eb shkonin n\u00eb zyrat e shtetit.<\/p>\n<p><strong>Pjes\u00eb nga biseda:<\/strong><\/p>\n<p><strong>Papandreu:<\/strong>\u00a0Tre mandate Edi, kjo n\u00ebnkupton q\u00eb me procedura demokratike keni arritur t\u00eb bindi popullin q\u00eb jeni e ardhmja.<\/p>\n<p><strong>Papandreu:<\/strong>\u00a0Si jeni p\u00ebrfaq\u00ebsuar, apo si keni arritur t\u00eb merni k\u00ebt\u00eb mb\u00ebshtetje p\u00ebr nj\u00eb tjet\u00ebr kat\u00ebr vje\u00e7ar?<\/p>\n<p><strong>Edi Rama:\u00a0<\/strong>Ne fituam mandatin e tret\u00eb dhe besoj q\u00eb mbi t\u00eb gjitha ia dol\u00ebm q\u00eb pasi gjat\u00eb gjith\u00eb koh\u00ebs kemi luftuar q\u00eb t\u00eb mos b\u00ebhemi asnj\u00ebher\u00eb nj\u00eb parti q\u00eb identifikohet me pushtetin, por t\u00eb mbetemi n\u00eb syt\u00eb e njer\u00ebzve partia q\u00eb identifikohet me ndryshimin. Dhe kemi luftuar gjat\u00eb gjith\u00eb koh\u00ebs p\u00ebr t\u00eb ndryshuar, e ndryshuar partin\u00eb ton\u00eb. Jemi p\u00ebrpjekur t\u00eb sjellim njer\u00ebz nga fusha t\u00eb ndryshme t\u00eb jet\u00ebs. \u00a0Kjo mendoj ka qen\u00eb e para.<\/p>\n<p>Tjetra ka t\u00eb b\u00ebj\u00eb me at\u00eb \u00e7far\u00eb kemi b\u00ebr\u00eb. P\u00ebr njer\u00ebzit \u00ebsht\u00eb e qart\u00eb tashm\u00eb se kjo \u00ebsht\u00eb rruga e drejt\u00eb drejt progresit. Jemi p\u00ebrpjekur t\u00eb jemi p\u00ebrher\u00eb mjaft t\u00eb sinqert\u00eb me njer\u00ebzit, n\u00ebse e krahasojm\u00eb me at\u00eb \u00e7far\u00eb kemi b\u00ebr\u00eb me at\u00eb q\u00eb duhet t\u00eb b\u00ebjm\u00eb, jemi ende larg. Por n\u00ebse krahasojm\u00eb at\u00eb \u00e7ka gjet\u00ebm me at\u00eb q\u00eb b\u00ebm\u00eb, jemi t\u00eb k\u00ebnaqur p\u00ebr t\u00eb th\u00ebn\u00eb q\u00eb kjo \u00ebsht\u00eb rruga.<\/p>\n<p>Mendoj se rezultatet jan\u00eb t\u00eb dukshme p\u00ebr k\u00ebt\u00eb, p\u00ebr t\u00eb krijuar mendimin e p\u00ebrgjithsh\u00ebm q\u00eb puna \u00ebsht\u00eb n\u00eb progres dhe \u00ebsht\u00eb n\u00eb drejtimin e duhur. Ka qen\u00eb nj\u00eb fushat\u00eb mjaft e \u00e7uditshme dhe nj\u00eb luft\u00eb e \u00e7uditshme dhe p\u00ebr shkak t\u00eb covidit, dhe p\u00ebr faktin se po k\u00ebrkonim t\u00eb merrnim nj\u00eb mandat t\u00eb tret\u00eb. Por ia dol\u00ebm. Dhe tashm\u00eb jam mjaft optimist se kemi projekte t\u00eb r\u00ebnd\u00ebsishme q\u00eb jan\u00eb n\u00eb pun\u00eb e sip\u00ebr. Kemi themele t\u00eb mira p\u00ebr kultur\u00ebn ton\u00eb dhe teknologjin\u00eb e informacionit. Ia kemi dal\u00eb t\u00eb kryejm\u00eb nj\u00eb ndryshim shum\u00eb t\u00eb shpejt\u00eb sa i p\u00ebrket sh\u00ebrbimeve elektronike dhe faktikisht gjat\u00eb covid-it ishte kjo ajo q\u00eb na shp\u00ebtoi. Tashm\u00eb jemi n\u00eb faz\u00ebn e fundit t\u00eb finalizimit t\u00eb sh\u00ebrbimeve plot\u00ebsisht online, p\u00ebr t\u00eb mos patur m\u00eb zyra sh\u00ebrbimesh. Do t\u00eb mbyllen, nuk do t\u00eb ket\u00eb m\u00eb zyra sh\u00ebrbimesh n\u00eb vend. \u00c7do gj\u00eb \u00ebsht\u00eb n\u00eb xhepin t\u00ebnd, n\u00eb telefon. Kjo \u00ebsht\u00eb e r\u00ebnd\u00ebsishme p\u00ebr t\u00eb eleminuar k\u00ebt\u00eb korrupsion t\u00eb vog\u00ebl. Pasi kontakti i drejtp\u00ebrdrejt\u00eb me n\u00ebnpun\u00ebsit publik\u00eb do t\u00eb eleminohet.<\/p>\n<p>Megjithat\u00eb mendoj q\u00eb sa m\u00eb shum\u00eb t\u00eb b\u00ebjm\u00eb s\u00eb brendshmi n\u00eb shtete tona, kjo ka kufizimet e veta, n\u00ebse duam v\u00ebrtet t\u00eb hidhemi n\u00eb nj\u00eb faz\u00eb tjet\u00ebr t\u00eb historis\u00eb ton\u00eb, na duhet bashk\u00ebpunimi rajonal.<\/p>\n<p>&nbsp;<\/p>","protected":false},"excerpt":{"rendered":"<p>Kryeministri Edi Rama, \u00ebsht\u00eb duke marr\u00eb pjes\u00eb n\u00eb nj\u00eb simpozium n\u00eb Greqi, organizuar nga ish-kryeministri grek Jorgo Papandreu. Ky i fundit e ka prezantuar Ram\u00ebn si nj\u00eb mik t\u00eb vjet\u00ebr, nd\u00ebrsa e ka uruar p\u00ebr fitoren e mandatit t\u00eb tret\u00eb, e ka pyetur se si ia doli q\u00eb t\u00eb bind\u00eb shqiptar\u00ebt p\u00ebr t\u2019i besuar edhe [&hellip;]<\/p>\n","protected":false},"author":2016,"featured_media":193635,"comment_status":"closed","ping_status":"closed","sticky":false,"template":"","format":"standard","meta":{"footnotes":""},"categories":[1454],"tags":[],"class_list":{"0":"post-193634","1":"post","2":"type-post","3":"status-publish","4":"format-standard","5":"has-post-thumbnail","7":"category-politike"},"_links":{"self":[{"href":"https:\/\/zjarr.tv\/en\/wp-json\/wp\/v2\/posts\/193634","targetHints":{"allow":["GET"]}}],"collection":[{"href":"https:\/\/zjarr.tv\/en\/wp-json\/wp\/v2\/posts"}],"about":[{"href":"https:\/\/zjarr.tv\/en\/wp-json\/wp\/v2\/types\/post"}],"author":[{"embeddable":true,"href":"https:\/\/zjarr.tv\/en\/wp-json\/wp\/v2\/users\/2016"}],"replies":[{"embeddable":true,"href":"https:\/\/zjarr.tv\/en\/wp-json\/wp\/v2\/comments?post=193634"}],"version-history":[{"count":0,"href":"https:\/\/zjarr.tv\/en\/wp-json\/wp\/v2\/posts\/193634\/revisions"}],"wp:featuredmedia":[{"embeddable":true,"href":"https:\/\/zjarr.tv\/en\/wp-json\/wp\/v2\/media\/193635"}],"wp:attachment":[{"href":"https:\/\/zjarr.tv\/en\/wp-json\/wp\/v2\/media?parent=193634"}],"wp:term":[{"taxonomy":"category","embeddable":true,"href":"https:\/\/zjarr.tv\/en\/wp-json\/wp\/v2\/categories?post=193634"},{"taxonomy":"post_tag","embeddable":true,"href":"https:\/\/zjarr.tv\/en\/wp-json\/wp\/v2\/tags?post=193634"}],"curies":[{"name":"wp","href":"https:\/\/api.w.org\/{rel}","templated":true}]}}