{"id":194490,"date":"2021-07-20T08:45:03","date_gmt":"2021-07-20T06:45:03","guid":{"rendered":"https:\/\/zjarr.tv\/?p=194490"},"modified":"2021-07-20T08:45:03","modified_gmt":"2021-07-20T06:45:03","slug":"shba-e-shpalli-non-grata-mark-marku-kerkon-ngrirjen-e-sali-berishes-po-demton-pd-ne-nje-ish-kryeminister-ne-momentin-qe-mbaron-mandatet-largohet-nga-politika","status":"publish","type":"post","link":"https:\/\/zjarr.tv\/en\/shba-e-shpalli-non-grata-mark-marku-kerkon-ngrirjen-e-sali-berishes-po-demton-pd-ne-nje-ish-kryeminister-ne-momentin-qe-mbaron-mandatet-largohet-nga-politika\/","title":{"rendered":"SHBA e shpalli \u201cnon grata\u201d\/ Mark Marku k\u00ebrkon ngrirjen e Sali Berish\u00ebs: Po d\u00ebmton PD-n\u00eb, nj\u00eb ish-kryeminist\u00ebr n\u00eb momentin q\u00eb mbaron mandatet largohet nga politika\u2026"},"content":{"rendered":"<p>Mark Marku, i ftuar n\u00eb \u201cLog\u201d, u shpreh se duhet t\u00eb ket\u00eb nj\u00eb \u201cngrirje\u201d t\u00eb p\u00ebrkohshme t\u00eb marr\u00ebdh\u00ebnies s\u00eb Sali Berish\u00ebs me grupin e PD-s\u00eb, pasi SHBA e shpalli \u201cnon grata\u201d. Sipas deputetit demokrat, protagonizmi n\u00eb Parlament i Berish\u00ebs, d\u00ebmton forc\u00ebn q\u00eb themeloi 30 vite m\u00eb par\u00eb.<\/p>\n<p>\u201c<em>N\u00eb gjykimin tim nj\u00eb kryeminist\u00ebr dhe nj\u00eb ish-president n\u00eb momentin q\u00eb mbaron mandatet largohet nga politika, k\u00ebshtu q\u00eb ai do t\u00eb duhet ta kishte b\u00ebr\u00eb vet\u00eb.<\/em><\/p>\n<p><em>\u00cbsht\u00eb fat i keq q\u00eb nuk kemi parlament me dy dhoma q\u00eb nj\u00eb pjes\u00eb e ekselenc\u00ebs politike kalon n\u00eb nj\u00eb nivel pak m\u00eb \u201cparazitar\u201d por \u00ebsht\u00eb nj\u00eb garanci p\u00ebr sistemin. Kushdo q\u00eb mbaron nj\u00eb mandat t\u00eb k\u00ebsaj natyre nuk ka p\u00ebrse t\u00eb jet\u00eb deputet.<\/em><\/p>\n<p><em>Patjet\u00ebr q\u00eb \u00ebsht\u00eb nj\u00eb problem n\u00eb PD p\u00ebr faktin q\u00eb \u00ebsht\u00eb shpallur \u201cnon grata\u201d nga SHBA pasi kusht\u00ebzon marr\u00ebdh\u00ebniet e PD-s\u00eb me SHBA-n\u00eb q\u00eb jan\u00eb vend me shum\u00eb ndikim n\u00eb bot\u00eb dhe n\u00eb politik\u00ebn shqiptare.<\/em><\/p>\n<p><em>Normalisht kjo \u00ebsht\u00eb nj\u00eb kosto, por PD, Basha e ka shum\u00eb t\u00eb v\u00ebshtir\u00eb p\u00ebr ta marr\u00eb nj\u00eb vendim edhe n\u00ebse ja k\u00ebrkojn\u00eb. Edhe vet\u00eb PD-ja e ka shum\u00eb t\u00eb v\u00ebshtir\u00eb t\u2019i thot\u00eb kryetarit t\u00eb vet. E para se vendimi nuk \u00ebsht\u00eb i argumentuar p\u00ebrse \u00ebsht\u00eb shpallur \u201cnon grata\u201d.<\/em><\/p>\n<p><em>Nga pik\u00ebpamja juridike shpallet fajtor kur e d\u00ebnon nj\u00eb gjykat\u00eb. Grupi i PD apo Basha, e kan\u00eb shum\u00eb t\u00eb v\u00ebshtir\u00eb t\u00eb marrin nj\u00eb vendim p\u00ebr nj\u00eb deputet q\u00eb ka fituar mandatin. Zgjidhja do t\u00eb ishte, por Berisha ka vullnet dhe e ka d\u00ebshmuar p\u00ebr politik\u00ebn, ai ka deklaruar se do t\u00eb jem aktiv.<\/em><\/p>\n<p><em>Zgjidhja do t\u00eb ishte nj\u00eb \u201cngrirje\u201d p\u00ebr t\u00eb mos u r\u00ebnduar, p\u00ebr t\u00eb mos e komplikuar k\u00ebt\u00eb marr\u00ebdh\u00ebnie me PD-n\u00eb, nj\u00eb \u201cngrirje\u201d e marr\u00ebdh\u00ebnies, t\u00eb Berish\u00ebs me grupin e PD-s\u00eb. Mund t\u00eb vij\u00eb edhe n\u00eb parlament, se nuk e pengon kush<\/em>\u201d, u shpreh Marku.<\/p>\n<p>&nbsp;<\/p>","protected":false},"excerpt":{"rendered":"<p>Mark Marku, i ftuar n\u00eb \u201cLog\u201d, u shpreh se duhet t\u00eb ket\u00eb nj\u00eb \u201cngrirje\u201d t\u00eb p\u00ebrkohshme t\u00eb marr\u00ebdh\u00ebnies s\u00eb Sali Berish\u00ebs me grupin e PD-s\u00eb, pasi SHBA e shpalli \u201cnon grata\u201d. Sipas deputetit demokrat, protagonizmi n\u00eb Parlament i Berish\u00ebs, d\u00ebmton forc\u00ebn q\u00eb themeloi 30 vite m\u00eb par\u00eb. \u201cN\u00eb gjykimin tim nj\u00eb kryeminist\u00ebr dhe nj\u00eb ish-president [&hellip;]<\/p>\n","protected":false},"author":2016,"featured_media":194492,"comment_status":"closed","ping_status":"closed","sticky":false,"template":"","format":"standard","meta":{"footnotes":""},"categories":[241,1454],"tags":[4389],"class_list":{"0":"post-194490","1":"post","2":"type-post","3":"status-publish","4":"format-standard","5":"has-post-thumbnail","7":"category-aktualitet","8":"category-politike","9":"tag-lajme-zjarr-mark-marku-kerkon-ngrirjen-e-sali-berishes-zjarr-tv"},"_links":{"self":[{"href":"https:\/\/zjarr.tv\/en\/wp-json\/wp\/v2\/posts\/194490","targetHints":{"allow":["GET"]}}],"collection":[{"href":"https:\/\/zjarr.tv\/en\/wp-json\/wp\/v2\/posts"}],"about":[{"href":"https:\/\/zjarr.tv\/en\/wp-json\/wp\/v2\/types\/post"}],"author":[{"embeddable":true,"href":"https:\/\/zjarr.tv\/en\/wp-json\/wp\/v2\/users\/2016"}],"replies":[{"embeddable":true,"href":"https:\/\/zjarr.tv\/en\/wp-json\/wp\/v2\/comments?post=194490"}],"version-history":[{"count":0,"href":"https:\/\/zjarr.tv\/en\/wp-json\/wp\/v2\/posts\/194490\/revisions"}],"wp:featuredmedia":[{"embeddable":true,"href":"https:\/\/zjarr.tv\/en\/wp-json\/wp\/v2\/media\/194492"}],"wp:attachment":[{"href":"https:\/\/zjarr.tv\/en\/wp-json\/wp\/v2\/media?parent=194490"}],"wp:term":[{"taxonomy":"category","embeddable":true,"href":"https:\/\/zjarr.tv\/en\/wp-json\/wp\/v2\/categories?post=194490"},{"taxonomy":"post_tag","embeddable":true,"href":"https:\/\/zjarr.tv\/en\/wp-json\/wp\/v2\/tags?post=194490"}],"curies":[{"name":"wp","href":"https:\/\/api.w.org\/{rel}","templated":true}]}}