{"id":196633,"date":"2021-08-05T07:52:42","date_gmt":"2021-08-05T05:52:42","guid":{"rendered":"https:\/\/zjarr.tv\/?p=196633"},"modified":"2021-08-05T07:52:42","modified_gmt":"2021-08-05T05:52:42","slug":"analisti-ben-deklaraten-e-forte-sali-berisha-eshte-me-i-forte-se-kurre-per-te-hyre-ne-parlament","status":"publish","type":"post","link":"https:\/\/zjarr.tv\/en\/analisti-ben-deklaraten-e-forte-sali-berisha-eshte-me-i-forte-se-kurre-per-te-hyre-ne-parlament\/","title":{"rendered":"Analisti b\u00ebn deklarat\u00ebn e fort\u00eb: Sali Berisha \u00ebsht\u00eb m\u00eb i fort\u00eb se kurr\u00eb, p\u00ebr t\u00eb hyr\u00eb n\u00eb Parlament\u2026"},"content":{"rendered":"<p>Analisti Genc Burimi, ka folur n\u00eb lidhje me thirrjen e ambasadores s\u00eb SHBA, Yuri Kim, p\u00ebr largimin e ish-kryeministrit Berisha nga politika.<\/p>\n<p>N\u00eb nj\u00eb lidhje direkte p\u00ebr News 24 n\u00eb rubrik\u00ebn Opinion, Burimi deklaroi se Berisha \u00ebsht\u00eb m\u00eb i fort\u00eb se kurr\u00eb dhe p\u00ebr aq koh\u00eb sa nuk \u00ebsht\u00eb i d\u00ebnuar, ai \u00ebsht\u00eb i pafajsh\u00ebm.<\/p>\n<p>Ai tha se q\u00ebllimi kryesor i Berish\u00ebs, \u00ebsht\u00eb t\u00eb heq\u00eb emrin e tij nga lista e \u201cNon-Grata\u201d.<\/p>\n<p><em>\u201cSot Berisha \u00ebsht\u00eb m\u00eb i fort\u00eb se kurr\u00eb p\u00ebr t\u00eb hyr\u00eb n\u00eb parlament. N\u00ebse PD hyn n\u00eb parlament nuk voton ligje, i tregon bot\u00ebs se Shqip\u00ebria nuk i plot\u00ebson kushtet p\u00ebr n\u00eb BE. Berisha ka si q\u00ebllim q\u00eb SHBA t\u00eb heq\u00eb emrin e tij nga lista e \u201cNon Grata\u201d. \u00cbsht\u00eb nj\u00eb gj\u00eb q\u00eb negociohet. Berisha do q\u00eb t\u2019i lahet nderi\u201d<\/em>, u shpreh analisti.<\/p>","protected":false},"excerpt":{"rendered":"<p>Analisti Genc Burimi, ka folur n\u00eb lidhje me thirrjen e ambasadores s\u00eb SHBA, Yuri Kim, p\u00ebr largimin e ish-kryeministrit Berisha nga politika. N\u00eb nj\u00eb lidhje direkte p\u00ebr News 24 n\u00eb rubrik\u00ebn Opinion, Burimi deklaroi se Berisha \u00ebsht\u00eb m\u00eb i fort\u00eb se kurr\u00eb dhe p\u00ebr aq koh\u00eb sa nuk \u00ebsht\u00eb i d\u00ebnuar, ai \u00ebsht\u00eb i pafajsh\u00ebm. [&hellip;]<\/p>\n","protected":false},"author":2016,"featured_media":196635,"comment_status":"closed","ping_status":"closed","sticky":false,"template":"","format":"standard","meta":{"footnotes":""},"categories":[241,1454],"tags":[4584],"class_list":{"0":"post-196633","1":"post","2":"type-post","3":"status-publish","4":"format-standard","5":"has-post-thumbnail","7":"category-aktualitet","8":"category-politike","9":"tag-lajme-zjarr-analisti-ben-deklaraten-e-forte-zjarr-tv"},"_links":{"self":[{"href":"https:\/\/zjarr.tv\/en\/wp-json\/wp\/v2\/posts\/196633","targetHints":{"allow":["GET"]}}],"collection":[{"href":"https:\/\/zjarr.tv\/en\/wp-json\/wp\/v2\/posts"}],"about":[{"href":"https:\/\/zjarr.tv\/en\/wp-json\/wp\/v2\/types\/post"}],"author":[{"embeddable":true,"href":"https:\/\/zjarr.tv\/en\/wp-json\/wp\/v2\/users\/2016"}],"replies":[{"embeddable":true,"href":"https:\/\/zjarr.tv\/en\/wp-json\/wp\/v2\/comments?post=196633"}],"version-history":[{"count":0,"href":"https:\/\/zjarr.tv\/en\/wp-json\/wp\/v2\/posts\/196633\/revisions"}],"wp:featuredmedia":[{"embeddable":true,"href":"https:\/\/zjarr.tv\/en\/wp-json\/wp\/v2\/media\/196635"}],"wp:attachment":[{"href":"https:\/\/zjarr.tv\/en\/wp-json\/wp\/v2\/media?parent=196633"}],"wp:term":[{"taxonomy":"category","embeddable":true,"href":"https:\/\/zjarr.tv\/en\/wp-json\/wp\/v2\/categories?post=196633"},{"taxonomy":"post_tag","embeddable":true,"href":"https:\/\/zjarr.tv\/en\/wp-json\/wp\/v2\/tags?post=196633"}],"curies":[{"name":"wp","href":"https:\/\/api.w.org\/{rel}","templated":true}]}}