{"id":197006,"date":"2021-08-10T08:40:28","date_gmt":"2021-08-10T06:40:28","guid":{"rendered":"https:\/\/zjarr.tv\/?p=197006"},"modified":"2021-08-10T08:40:28","modified_gmt":"2021-08-10T06:40:28","slug":"alarm-i-kuq-ne-kalimash-era-po-perhap-flaket-dhe-rrezikon-te-bllokohet-tuneli-shkojne-5-zjarrfikese-nga-kosova","status":"publish","type":"post","link":"https:\/\/zjarr.tv\/en\/alarm-i-kuq-ne-kalimash-era-po-perhap-flaket-dhe-rrezikon-te-bllokohet-tuneli-shkojne-5-zjarrfikese-nga-kosova\/","title":{"rendered":"ALARM i kuq n\u00eb Kalimash, era po p\u00ebrhap flak\u00ebt dhe rrezikon t\u00eb bllokohet tuneli, shkojn\u00eb 5 zjarrfik\u00ebse nga Kosova"},"content":{"rendered":"<p>Nis misioni i par\u00eb i FSK-s\u00eb fqinje, t\u00eb cil\u00ebt kan\u00eb ardhur p\u00ebr t\u00eb na ndihmuar pasi vendi yn\u00eb po kalon nj\u00eb situat\u00eb t\u00eb frikshme nga zjarret e m\u00ebdha.<\/p>\n<p>Alarmi \u00ebsht\u00eb dh\u00ebn\u00eb n\u00eb Kalimash, pasi era e fort\u00eb po p\u00ebrhap flak\u00ebt duke i sjell\u00eb sa m\u00eb pran\u00eb tunelit nd\u00ebrsa rrezikohet fshati Sh\u00ebrmi. Tymi i dendur po hyn n\u00eb tunel dhe rrezikon q\u00eb t\u00eb bllokohet e t\u00eb b\u00ebhet i pakaluesh\u00ebm.<\/p>\n<p>P\u00ebr pasoj\u00eb \u00ebsht\u00eb krijuar trafik i madh.<\/p>\n<p>Prej dit\u00ebsh vijon t\u00eb jet\u00eb aktive vatra e zjarrit n\u00eb maj\u00ebn e Thirr\u00ebs, mbi tunelin e Kalimashit n\u00eb Kuk\u00ebs. Zjarri ka djegur sip\u00ebrfaqe t\u00eb m\u00ebdha, nd\u00ebrsa n\u00eb zon\u00eb ka prezenc\u00eb t\u00eb madhe tymi dhe flak\u00ebt p\u00ebrhapen me shpejt\u00ebsi.<\/p>","protected":false},"excerpt":{"rendered":"<p>Nis misioni i par\u00eb i FSK-s\u00eb fqinje, t\u00eb cil\u00ebt kan\u00eb ardhur p\u00ebr t\u00eb na ndihmuar pasi vendi yn\u00eb po kalon nj\u00eb situat\u00eb t\u00eb frikshme nga zjarret e m\u00ebdha. Alarmi \u00ebsht\u00eb dh\u00ebn\u00eb n\u00eb Kalimash, pasi era e fort\u00eb po p\u00ebrhap flak\u00ebt duke i sjell\u00eb sa m\u00eb pran\u00eb tunelit nd\u00ebrsa rrezikohet fshati Sh\u00ebrmi. Tymi i dendur po [&hellip;]<\/p>\n","protected":false},"author":2030,"featured_media":197007,"comment_status":"closed","ping_status":"closed","sticky":false,"template":"","format":"standard","meta":{"footnotes":""},"categories":[241],"tags":[],"class_list":{"0":"post-197006","1":"post","2":"type-post","3":"status-publish","4":"format-standard","5":"has-post-thumbnail","7":"category-aktualitet"},"_links":{"self":[{"href":"https:\/\/zjarr.tv\/en\/wp-json\/wp\/v2\/posts\/197006","targetHints":{"allow":["GET"]}}],"collection":[{"href":"https:\/\/zjarr.tv\/en\/wp-json\/wp\/v2\/posts"}],"about":[{"href":"https:\/\/zjarr.tv\/en\/wp-json\/wp\/v2\/types\/post"}],"author":[{"embeddable":true,"href":"https:\/\/zjarr.tv\/en\/wp-json\/wp\/v2\/users\/2030"}],"replies":[{"embeddable":true,"href":"https:\/\/zjarr.tv\/en\/wp-json\/wp\/v2\/comments?post=197006"}],"version-history":[{"count":0,"href":"https:\/\/zjarr.tv\/en\/wp-json\/wp\/v2\/posts\/197006\/revisions"}],"wp:featuredmedia":[{"embeddable":true,"href":"https:\/\/zjarr.tv\/en\/wp-json\/wp\/v2\/media\/197007"}],"wp:attachment":[{"href":"https:\/\/zjarr.tv\/en\/wp-json\/wp\/v2\/media?parent=197006"}],"wp:term":[{"taxonomy":"category","embeddable":true,"href":"https:\/\/zjarr.tv\/en\/wp-json\/wp\/v2\/categories?post=197006"},{"taxonomy":"post_tag","embeddable":true,"href":"https:\/\/zjarr.tv\/en\/wp-json\/wp\/v2\/tags?post=197006"}],"curies":[{"name":"wp","href":"https:\/\/api.w.org\/{rel}","templated":true}]}}