{"id":197012,"date":"2021-08-10T11:30:41","date_gmt":"2021-08-10T09:30:41","guid":{"rendered":"https:\/\/zjarr.tv\/?p=197012"},"modified":"2021-08-10T11:30:41","modified_gmt":"2021-08-10T09:30:41","slug":"ministri-i-brendshem-i-kosoves-vjen-ne-kukes-bledi-cuci-merr-pushimet-ndersa-shqiperia-lufton-me-flaket","status":"publish","type":"post","link":"https:\/\/zjarr.tv\/en\/ministri-i-brendshem-i-kosoves-vjen-ne-kukes-bledi-cuci-merr-pushimet-ndersa-shqiperia-lufton-me-flaket\/","title":{"rendered":"Ministri i Brendsh\u00ebm i Kosov\u00ebs vjen n\u00eb Kuk\u00ebs, Bledi \u00c7u\u00e7i merr pushimet nd\u00ebrsa Shqip\u00ebria lufton me flak\u00ebt"},"content":{"rendered":"<p>Ministri i Brendsh\u00ebm Bledi \u00c7u\u00e7i ka vendosur t\u00eb marr\u00eb lejen 12 ditore n\u00eb nj\u00eb koh\u00eb kritike p\u00ebr vendin q\u00eb po p\u00ebrballet me vatrat e zjarreve nga veriu n\u00eb jug.<\/p>\n<p>E nd\u00ebrsa \u00c7u\u00e7i largohet me pushime, n\u00eb Shqip\u00ebri ka mb\u00ebrritur ministri i Brendsh\u00ebm i Kosov\u00ebs, Xhelal Sve\u00e7la.<\/p>\n<p>Ai ka shoq\u00ebruar forcat zjarrfik\u00ebse dhe ato ushtarake q\u00eb kan\u00eb mb\u00ebrritur n\u00eb Kalimash p\u00ebr t\u00eb ndihmuar n\u00eb shuarjen e flak\u00ebve.<\/p>\n<p>Leja q\u00eb \u00c7u\u00e7i ka marr\u00eb ka qen\u00eb edhe arsyeja pse askush nuk e ka pritur ministrin e Kosov\u00ebs mbr\u00ebmjen e djeshme.<\/p>\n<p>Nd\u00ebrsa \u00c7u\u00e7i ia ka deleguar kopetencat zv.ministrit t\u00eb Brendsh\u00ebm, Andi Mahila.<\/p>\n<p><img loading=\"lazy\" decoding=\"async\" class=\"alignnone size-medium wp-image-197014\" src=\"https:\/\/zjarr.tv\/wp-content\/uploads\/2021\/08\/Zjarr-Tv-89-300x251.jpg\" alt=\"\" width=\"300\" height=\"251\" srcset=\"https:\/\/zjarr.tv\/wp-content\/uploads\/2021\/08\/Zjarr-Tv-89-300x251.jpg 300w, https:\/\/zjarr.tv\/wp-content\/uploads\/2021\/08\/Zjarr-Tv-89-768x644.jpg 768w, https:\/\/zjarr.tv\/wp-content\/uploads\/2021\/08\/Zjarr-Tv-89-696x583.jpg 696w, https:\/\/zjarr.tv\/wp-content\/uploads\/2021\/08\/Zjarr-Tv-89-501x420.jpg 501w, https:\/\/zjarr.tv\/wp-content\/uploads\/2021\/08\/Zjarr-Tv-89.jpg 940w\" sizes=\"auto, (max-width: 300px) 100vw, 300px\" \/><\/p>","protected":false},"excerpt":{"rendered":"<p>Ministri i Brendsh\u00ebm Bledi \u00c7u\u00e7i ka vendosur t\u00eb marr\u00eb lejen 12 ditore n\u00eb nj\u00eb koh\u00eb kritike p\u00ebr vendin q\u00eb po p\u00ebrballet me vatrat e zjarreve nga veriu n\u00eb jug. E nd\u00ebrsa \u00c7u\u00e7i largohet me pushime, n\u00eb Shqip\u00ebri ka mb\u00ebrritur ministri i Brendsh\u00ebm i Kosov\u00ebs, Xhelal Sve\u00e7la. Ai ka shoq\u00ebruar forcat zjarrfik\u00ebse dhe ato ushtarake q\u00eb [&hellip;]<\/p>\n","protected":false},"author":2030,"featured_media":197013,"comment_status":"closed","ping_status":"closed","sticky":false,"template":"","format":"standard","meta":{"footnotes":""},"categories":[241,1454],"tags":[],"class_list":{"0":"post-197012","1":"post","2":"type-post","3":"status-publish","4":"format-standard","5":"has-post-thumbnail","7":"category-aktualitet","8":"category-politike"},"_links":{"self":[{"href":"https:\/\/zjarr.tv\/en\/wp-json\/wp\/v2\/posts\/197012","targetHints":{"allow":["GET"]}}],"collection":[{"href":"https:\/\/zjarr.tv\/en\/wp-json\/wp\/v2\/posts"}],"about":[{"href":"https:\/\/zjarr.tv\/en\/wp-json\/wp\/v2\/types\/post"}],"author":[{"embeddable":true,"href":"https:\/\/zjarr.tv\/en\/wp-json\/wp\/v2\/users\/2030"}],"replies":[{"embeddable":true,"href":"https:\/\/zjarr.tv\/en\/wp-json\/wp\/v2\/comments?post=197012"}],"version-history":[{"count":0,"href":"https:\/\/zjarr.tv\/en\/wp-json\/wp\/v2\/posts\/197012\/revisions"}],"wp:featuredmedia":[{"embeddable":true,"href":"https:\/\/zjarr.tv\/en\/wp-json\/wp\/v2\/media\/197013"}],"wp:attachment":[{"href":"https:\/\/zjarr.tv\/en\/wp-json\/wp\/v2\/media?parent=197012"}],"wp:term":[{"taxonomy":"category","embeddable":true,"href":"https:\/\/zjarr.tv\/en\/wp-json\/wp\/v2\/categories?post=197012"},{"taxonomy":"post_tag","embeddable":true,"href":"https:\/\/zjarr.tv\/en\/wp-json\/wp\/v2\/tags?post=197012"}],"curies":[{"name":"wp","href":"https:\/\/api.w.org\/{rel}","templated":true}]}}