{"id":197021,"date":"2021-08-10T12:12:32","date_gmt":"2021-08-10T10:12:32","guid":{"rendered":"https:\/\/zjarr.tv\/?p=197021"},"modified":"2021-08-10T12:12:32","modified_gmt":"2021-08-10T10:12:32","slug":"te-shtena-me-arme-gjate-nates-ne-autostraden-tirane-durres-policia-ne-kerkim-te-autorit","status":"publish","type":"post","link":"https:\/\/zjarr.tv\/en\/te-shtena-me-arme-gjate-nates-ne-autostraden-tirane-durres-policia-ne-kerkim-te-autorit\/","title":{"rendered":"T\u00eb sht\u00ebna me arm\u00eb gjat\u00eb nat\u00ebs n\u00eb autostrad\u00ebn Tiran\u00eb-Durr\u00ebs, policia n\u00eb k\u00ebrkim t\u00eb autorit"},"content":{"rendered":"<p style=\"background: white; margin: 0in 0in 19.5pt 0in;\">T\u00eb sht\u00ebna me arm\u00eb jan\u00eb regjistruar gjat\u00eb nat\u00ebs n\u00eb autostrad\u00ebn Tiran\u00eb-Durr\u00ebs.<\/p>\n<p style=\"background: white; -webkit-tap-highlight-color: transparent !important; box-sizing: border-box; overflow-wrap: break-word; font-variant-ligatures: normal; font-variant-caps: normal; orphans: 2; widows: 2; -webkit-text-stroke-width: 0px; text-decoration-thickness: initial; text-decoration-style: initial; text-decoration-color: initial; word-spacing: 0px; margin: 0in 0in 19.5pt 0in;\">Polica b\u00ebn me dije se ngjarja ka ndodhur rreth or\u00ebs 01:45 ku nj\u00eb person ende i paidenfifikuar, i cili qarkullonte me automjet dyshohet se ka q\u00eblluar n\u00eb aj\u00ebr me arm\u00eb zjarri.<\/p>\n<p style=\"background: white; -webkit-tap-highlight-color: transparent !important; box-sizing: border-box; overflow-wrap: break-word; font-variant-ligatures: normal; font-variant-caps: normal; orphans: 2; widows: 2; -webkit-text-stroke-width: 0px; text-decoration-thickness: initial; text-decoration-style: initial; text-decoration-color: initial; word-spacing: 0px; margin: 0in 0in 19.5pt 0in;\">Grupi hetimor po punon p\u00ebr identifikimin dhe kapjen e autor\u00ebve.<\/p>\n<p style=\"background: white; -webkit-tap-highlight-color: transparent !important; box-sizing: border-box; overflow-wrap: break-word; font-variant-ligatures: normal; font-variant-caps: normal; orphans: 2; widows: 2; -webkit-text-stroke-width: 0px; text-decoration-thickness: initial; text-decoration-style: initial; text-decoration-color: initial; word-spacing: 0px; margin: 0in 0in 19.5pt 0in;\"><strong>Njoftimi i Policis\u00eb:<\/strong><\/p>\n<p style=\"background: white; -webkit-tap-highlight-color: transparent !important; box-sizing: border-box; overflow-wrap: break-word; font-variant-ligatures: normal; font-variant-caps: normal; orphans: 2; widows: 2; -webkit-text-stroke-width: 0px; text-decoration-thickness: initial; text-decoration-style: initial; text-decoration-color: initial; word-spacing: 0px; margin: 0in 0in 19.5pt 0in;\">M\u00eb dat\u00eb 10.08.2021, n\u00eb or\u00ebn 01:45, n\u00eb autostrad\u00ebn Durr\u00ebs-Tiran\u00eb, nj\u00eb person ende i paidentifikuar i cili qarkullonte me automjet dyshohet se ka q\u00eblluar n\u00eb aj\u00ebr me arm\u00eb zjarri. Grupi hetimor po punon p\u00ebr identifikimin dhe kapjen e autor\u00ebve.<\/p>","protected":false},"excerpt":{"rendered":"<p>T\u00eb sht\u00ebna me arm\u00eb jan\u00eb regjistruar gjat\u00eb nat\u00ebs n\u00eb autostrad\u00ebn Tiran\u00eb-Durr\u00ebs. Polica b\u00ebn me dije se ngjarja ka ndodhur rreth or\u00ebs 01:45 ku nj\u00eb person ende i paidenfifikuar, i cili qarkullonte me automjet dyshohet se ka q\u00eblluar n\u00eb aj\u00ebr me arm\u00eb zjarri. Grupi hetimor po punon p\u00ebr identifikimin dhe kapjen e autor\u00ebve. Njoftimi i Policis\u00eb: [&hellip;]<\/p>\n","protected":false},"author":2030,"featured_media":197022,"comment_status":"closed","ping_status":"closed","sticky":false,"template":"","format":"standard","meta":{"footnotes":""},"categories":[241],"tags":[],"class_list":{"0":"post-197021","1":"post","2":"type-post","3":"status-publish","4":"format-standard","5":"has-post-thumbnail","7":"category-aktualitet"},"_links":{"self":[{"href":"https:\/\/zjarr.tv\/en\/wp-json\/wp\/v2\/posts\/197021","targetHints":{"allow":["GET"]}}],"collection":[{"href":"https:\/\/zjarr.tv\/en\/wp-json\/wp\/v2\/posts"}],"about":[{"href":"https:\/\/zjarr.tv\/en\/wp-json\/wp\/v2\/types\/post"}],"author":[{"embeddable":true,"href":"https:\/\/zjarr.tv\/en\/wp-json\/wp\/v2\/users\/2030"}],"replies":[{"embeddable":true,"href":"https:\/\/zjarr.tv\/en\/wp-json\/wp\/v2\/comments?post=197021"}],"version-history":[{"count":0,"href":"https:\/\/zjarr.tv\/en\/wp-json\/wp\/v2\/posts\/197021\/revisions"}],"wp:featuredmedia":[{"embeddable":true,"href":"https:\/\/zjarr.tv\/en\/wp-json\/wp\/v2\/media\/197022"}],"wp:attachment":[{"href":"https:\/\/zjarr.tv\/en\/wp-json\/wp\/v2\/media?parent=197021"}],"wp:term":[{"taxonomy":"category","embeddable":true,"href":"https:\/\/zjarr.tv\/en\/wp-json\/wp\/v2\/categories?post=197021"},{"taxonomy":"post_tag","embeddable":true,"href":"https:\/\/zjarr.tv\/en\/wp-json\/wp\/v2\/tags?post=197021"}],"curies":[{"name":"wp","href":"https:\/\/api.w.org\/{rel}","templated":true}]}}