{"id":197258,"date":"2021-08-11T21:02:00","date_gmt":"2021-08-11T19:02:00","guid":{"rendered":"https:\/\/zjarr.tv\/?p=197258"},"modified":"2021-08-11T21:02:00","modified_gmt":"2021-08-11T19:02:00","slug":"fituesit-te-zymte-te-te-deshperuar-te-frikesuar","status":"publish","type":"post","link":"https:\/\/zjarr.tv\/en\/fituesit-te-zymte-te-te-deshperuar-te-frikesuar\/","title":{"rendered":"\u2018Fituesit\u2019- t\u00eb zymt\u00eb, te t\u00eb d\u00ebshp\u00ebruar, t\u00eb frik\u00ebsuar&#8230;?!"},"content":{"rendered":"<p>Nga Kastriot Islami<\/p>\n<p>T\u00eb d\u00ebshp\u00ebruar e pa shpres\u00eb s\u2019jan\u00eb vet\u00ebm opozitar\u00ebt&#8230; Po pija kafe me dik\u00eb t\u00eb majt\u00eb i cili m\u00eb tha se gjendja e \u2018fituesve\u2019 \u00ebsht\u00eb \u00e7udit\u00ebrisht e pazakont\u00eb, shumica e tyre jan\u00eb t\u00eb zymt\u00eb e t\u00eb d\u00ebshp\u00ebruar; kudo mbret\u00ebron frika&#8230; Nuk e besova, por ngulte k\u00ebmb\u00eb se gjith\u00e7ka thoshte ishte shume e v\u00ebrtet\u00eb, por edhe prezente pothuajse kudo&#8230;<\/p>\n<p> Mendoj q\u00eb racionalisht kjo ka nj\u00eb shpjegim&#8230;<\/p>\n<p>Mesa duket, \u2018fituesit\u2019 q\u00eb blen\u00eb\/grabiten votat, \u2018t\u00eb fort\u00ebt\u2019 q\u00eb k\u00ebrc\u00ebnuan zgjedh\u00ebsit, patronazhist\u00ebt q\u00eb dhunuan privacin\u00eb, pra \u2018palca\u2019 e Rilindjes, e madje edhe vete guida supreme n\u00eb krye t\u00eb tyre, s\u2019ishin p\u00ebrgatitur p\u00ebr mandatin e tret\u00eb, ndon\u00ebse kryen \u2018masakr\u00ebn\u2019, q\u00eb tanim\u00eb ju dukej si boomerang i grabitjes se \u2018fitores\u2019 s\u00eb tyre. T\u00eb gjith\u00eb kishin frik\u00ebn e hajdutit q\u00eb n\u00eb \u00e7do moment mund t\u00eb kapet n\u00eb \u00e7ark&#8230; e nd\u00ebshkohet\u2026<\/p>\n<p>P\u00ebr m\u00eb tep\u00ebr ata ndjenin se po damkoseshin n\u00eb hap\u00ebsir\u00ebn shqiptare rajonale si tradhtare t\u00eb interesave komb\u00ebtare, duke ndjer\u00eb se ky mision antishqiptar ishte marr\u00eb p\u00ebrsip\u00ebr n\u00eb shk\u00ebmbim\/ kompensim t\u00eb mb\u00ebshtetjes p\u00ebr mandatin e tret\u00eb&#8230;?!<\/p>\n<p>Duket sikur t\u00eb gjith\u00eb jan\u00eb gati t\u00eb \u2018falin\u2019 di\u00e7ka e madje edhe gjith\u00e7ka vet\u00ebm t\u00eb shp\u00ebtojn\u00eb nga kjo ndjesi e keqe.. Madje jan\u00eb gati t\u00eb dor\u00ebzojn\u00eb edhe nj\u00eb pjes\u00eb t\u00eb \u2018pasuris\u00eb\u2019 s\u00eb grabitur vet\u00ebm e vet\u00ebm t\u00eb shp\u00ebtojn\u00eb \u2018pjes\u00ebn tjet\u00ebr\u2019&#8230;e sidomos nga nd\u00ebshkimi\u2026<\/p>\n<p>Nga ana tjet\u00ebr, lideri i tyre, po p\u00ebrpiqet t\u00eb tregoj\u00eb se gjithcka ka ndodhur n\u00eb k\u00ebto dy mandate s\u2019ka lidhje me t\u00eb, por \u00ebsht\u00eb b\u00ebr\u00eb jasht\u00eb v\u00ebmendjes\/ vullnetit t\u00eb tij, \u00ebsht\u00eb b\u00ebr\u00eb pa dijenin\u00eb e miratimin e tij&#8230; K\u00ebt\u00eb mashtrim\/g\u00ebnjesht\u00ebr t\u00eb madhe se beson askush, madje as ai vet\u00eb\u2026 Prandaj i duket sikur t\u00eb gjith\u00eb e akuzojn\u00eb!<\/p>\n<p>I duket vetja i shtrir\u00eb n\u00eb krevat duke l\u00ebnguar, prandaj th\u00ebrret opozit\u00ebn ti afrohet pran\u00eb me shpres\u00eb se mund ta shp\u00ebtoj\u00eb duke e mbytur edhe at\u00eb&#8230; Por m\u00eb s\u00eb koti, kjo duket s\u2019po funksionon; prandaj \u00e7far\u00eb s\u2019shpik, vet\u00ebm t\u00eb shp\u00ebtoj\u00eb nga makthi i \u2018tradhtarit\u2019 me frik\u00ebn se mos nd\u00ebshkohet e pastaj i zbulojn\u00eb e sekuestrojn\u00eb pasurit\u00eb p\u00ebrrallore t\u00eb grabitura ndon\u00ebse \u00ebsht\u00eb p\u00ebrpjekur ti fsheh\u00eb te \u2018miqt\u00eb\u2019 e tij n\u00ebp\u00ebr bot\u00eb\u2026<\/p>\n<p>Nuk afron ask\u00ebnd af\u00ebr dhe q\u00ebndron i vetmuar nga pasiguria se mos ia dallojn\u00eb lepurin q\u00eb e tmerron n\u00eb bark&#8230;I del n\u00eb \u00ebnd\u00ebrr sikur SPAK e merr n\u00ebn hetim sepse bashk\u00ebpun\u00ebtor\u00ebt q\u00eb ka shitur kan\u00eb pranuar t\u00eb rr\u00ebfehen si t\u00eb penduar&#8230; Kjo e tmerron&#8230;Prandaj p\u00ebrp\u00eblitet n\u00eb shtrat i vetmuar dhe k\u00ebrkon ti largohet makthit duke ul\u00ebritur, shar\u00eb, shfryr\u00eb, thyer sende, dhe p\u00ebrplasur gjith\u00e7ka gjen p\u00ebrpara&#8230;<\/p>\n<p>K\u00ebto i din\u00eb, jo vet\u00ebm njer\u00ebzit e af\u00ebrt, por edhe shum\u00eb t\u00eb tjer\u00eb q\u00eb i tregojn\u00eb lart e posht\u00eb&#8230;<\/p>\n<p>As akrobacit\u00eb e marifetet, as propaganda e mashtrimeve apo mbrojtja e sharlatan\u00ebve mediatike, madje as ila\u00e7et e forta, s\u2019arrijn\u00eb t\u2019ia heqin zymtin\u00eb, frik\u00ebn, pasigurin\u00eb, d\u00ebshp\u00ebrimin&#8230;<\/p>\n<p>T\u00eb gjitha k\u00ebto m\u2019i p\u00ebrs\u00ebriti edhe nj\u00eb \u2018pensionist socialist\u2019 i thekur, dyfish i d\u00ebshp\u00ebruar e i frik\u00ebsuar, jo vet\u00ebm se nuk kishte fituar asgj\u00eb n\u00eb dy mandate, por shikonte zymti, d\u00ebshp\u00ebrim, frik\u00eb tek t\u00eb gjith\u00eb miqt\u00eb e tij, q\u00eb pasi kan\u00eb b\u00ebr\u00eb hatan\u00eb duke vjedhur votat s\u2019kishin fuqi e d\u00ebshir\u00eb t\u00eb g\u00ebzonin e festonin, madje kishin frik\u00eb se mos mandati i tret\u00eb do ti fundoste&#8230;<\/p>\n<p>Duket se kishin vet\u00ebm nj\u00eb shpres\u00eb q\u00eb opozita n\u00eb vjesht\u00eb t\u00eb fillonte t\u00eb shp\u00ebrb\u00ebhej, duke pranuar edhe \u2018l\u00ebpirjen\u2019 p\u00ebr \u2018bashk\u00ebqeverisje\u2019. Kjo i dukej e vetmja mund\u00ebsi shp\u00ebtimi por edhe p\u00ebr k\u00ebt\u00eb kishte dyshime se opozita nuk do t\u00eb pranonte ta shp\u00ebtonte \u2018fituesin\u2019 q\u00eb vuan r\u00ebnd\u00eb nga tmerri e frika e grabitjes se mandatit te trete\u2026<\/p>\n<p>T\u00eb presim se \u00e7\u2019do t\u00eb ngjas\u00eb n\u00eb shtator, por duket se zymtia e frika do t\u00eb mbeten e ndoshta rriten. Opozita duket s\u2019do ti afrohet k\u00ebsaj t\u00eb keqeje dhe me shum\u00eb gjasa do t\u00eb rezistoj\u00eb, me synimin p\u00ebr t\u00eb rr\u00ebzuar t\u00eb keqen-hajdute, pavar\u00ebsisht presioneve dhe problemeve t\u00eb brendshme, nj\u00eb pjes\u00eb e t\u00eb cilave duken t\u00eb nxitura me synimin edhe nga disa nd\u00ebrkomb\u00ebtare t\u00eb komprometuar p\u00ebr ta rrudhur\/cop\u00ebtuar&#8230;<\/p>\n<p>Nuk ka qen\u00eb asnj\u00ebher\u00eb m\u00eb keq&#8230;zymti, d\u00ebshp\u00ebrim, pasiguri&#8230;<\/p>","protected":false},"excerpt":{"rendered":"<p>Nga Kastriot Islami T\u00eb d\u00ebshp\u00ebruar e pa shpres\u00eb s\u2019jan\u00eb vet\u00ebm opozitar\u00ebt&#8230; Po pija kafe me dik\u00eb t\u00eb majt\u00eb i cili m\u00eb tha se gjendja e \u2018fituesve\u2019 \u00ebsht\u00eb \u00e7udit\u00ebrisht e pazakont\u00eb, shumica e tyre jan\u00eb t\u00eb zymt\u00eb e t\u00eb d\u00ebshp\u00ebruar; kudo mbret\u00ebron frika&#8230; Nuk e besova, por ngulte k\u00ebmb\u00eb se gjith\u00e7ka thoshte ishte shume e v\u00ebrtet\u00eb, [&hellip;]<\/p>\n","protected":false},"author":2031,"featured_media":197259,"comment_status":"closed","ping_status":"closed","sticky":false,"template":"","format":"standard","meta":{"footnotes":""},"categories":[364,235],"tags":[],"class_list":{"0":"post-197258","1":"post","2":"type-post","3":"status-publish","4":"format-standard","5":"has-post-thumbnail","7":"category-koment-opinion","8":"category-vendi"},"_links":{"self":[{"href":"https:\/\/zjarr.tv\/en\/wp-json\/wp\/v2\/posts\/197258","targetHints":{"allow":["GET"]}}],"collection":[{"href":"https:\/\/zjarr.tv\/en\/wp-json\/wp\/v2\/posts"}],"about":[{"href":"https:\/\/zjarr.tv\/en\/wp-json\/wp\/v2\/types\/post"}],"author":[{"embeddable":true,"href":"https:\/\/zjarr.tv\/en\/wp-json\/wp\/v2\/users\/2031"}],"replies":[{"embeddable":true,"href":"https:\/\/zjarr.tv\/en\/wp-json\/wp\/v2\/comments?post=197258"}],"version-history":[{"count":0,"href":"https:\/\/zjarr.tv\/en\/wp-json\/wp\/v2\/posts\/197258\/revisions"}],"wp:featuredmedia":[{"embeddable":true,"href":"https:\/\/zjarr.tv\/en\/wp-json\/wp\/v2\/media\/197259"}],"wp:attachment":[{"href":"https:\/\/zjarr.tv\/en\/wp-json\/wp\/v2\/media?parent=197258"}],"wp:term":[{"taxonomy":"category","embeddable":true,"href":"https:\/\/zjarr.tv\/en\/wp-json\/wp\/v2\/categories?post=197258"},{"taxonomy":"post_tag","embeddable":true,"href":"https:\/\/zjarr.tv\/en\/wp-json\/wp\/v2\/tags?post=197258"}],"curies":[{"name":"wp","href":"https:\/\/api.w.org\/{rel}","templated":true}]}}