{"id":197262,"date":"2021-08-11T21:33:49","date_gmt":"2021-08-11T19:33:49","guid":{"rendered":"https:\/\/zjarr.tv\/?p=197262"},"modified":"2021-08-11T21:33:49","modified_gmt":"2021-08-11T19:33:49","slug":"rama-nuk-e-ka-me-albinin-por-me-kedo-qe-futet-mes-tij-dhe-vucicit","status":"publish","type":"post","link":"https:\/\/zjarr.tv\/en\/rama-nuk-e-ka-me-albinin-por-me-kedo-qe-futet-mes-tij-dhe-vucicit\/","title":{"rendered":"Rama nuk e ka me Albinin, por me k\u00ebdo q\u00eb futet mes tij dhe Vu\u00e7i\u00e7it"},"content":{"rendered":"<p>Nga Andi Bushati<\/p>\n<p>Edi Rama i ka ngulur nj\u00eb thik\u00eb pas shpine forc\u00ebs negociatore t\u00eb qeveris\u00eb s\u00eb Albin Kurtit, e cila \u00ebsht\u00eb n\u00eb hapat e par\u00eb t\u00eb nj\u00eb dialogu t\u00eb v\u00ebshtir\u00eb me Serbin\u00eb.<\/p>\n<p>Duke faj\u00ebsuar Kosov\u00ebn, p\u00ebr mosp\u00ebrparimin e tryez\u00ebs s\u00eb Brukselit, Kryeministri i Shqip\u00ebris\u00eb jo vet\u00ebm ka hedhur nj\u00eb hap q\u00eb do t\u00eb p\u00ebrb\u00ebnte skandal p\u00ebr \u00e7do vend normal, jo vet\u00ebm \u00ebsht\u00eb treguar m\u00eb katolik se papa, me q\u00ebndrime shum\u00eb m\u00eb radikale se BE e SHBA-ja, por ai ka l\u00ebn\u00eb pas edhe iden\u00eb se serb\u00ebt-, q\u00eb jan\u00eb t\u00eb p\u00ebrbetuar n\u00eb mosnjohjen e shtet\u00ebsis\u00eb s\u00eb Kosov\u00ebs-, qenkan m\u00eb t\u00eb ndersh\u00ebm dhe m\u00eb t\u00eb hapur n\u00eb procesin negociator.  <\/p>\n<p>Duke i akuzuar dialoguesit e Prishtin\u00ebs se ata e mbajn\u00eb kok\u00ebn nga e shkuara e tyre e dhimbshme dhe se po e p\u00ebrdorin politik\u00ebn e jashtme n\u00eb favor t\u00eb asaj t\u00eb brend\u00ebshme, ai i ka dh\u00ebn\u00eb nj\u00eb argument t\u00eb mir\u00eb n\u00eb duar Beogradit p\u00ebr t\u00eb shenjuar me gisht n\u00eb mbar\u00eb bot\u00ebn fajtor\u00ebt e mosgjetjes s\u00eb kompromisit.<\/p>\n<p>Por sado i r\u00ebn\u00ebd\u00eb dhe i d\u00ebmsh\u00ebm t\u00eb jet\u00eb ky q\u00ebndrim p\u00ebr Albin Kurtin dhe procesin pothuajse t\u00eb pamundur t\u00eb gjetjes n\u00eb Bruksel t\u00eb kompromisit me Vu\u00e7i\u00e7in, q\u00ebndrimi i Ram\u00ebs nuk mund t\u00eb merret vet\u00ebm si nj\u00eb politik\u00eb personale ndaj homologut t\u00eb tij kosovar.<\/p>\n<p>Aty del nj\u00eb gj\u00eb e qart\u00eb. Edi Rama ka pasur mar\u00ebdh\u00ebnie konfiktuale me t\u00eb gjith\u00eb lider\u00ebt e Kosov\u00ebs me radh\u00eb. Shigjetimeve t\u00eb tij nuk i kan\u00eb shp\u00ebtuar as Haradinaj, as Isa Mustafa, as Vjosa Osmani, madje as Hashim Tha\u00e7i, q\u00eb njihet publikisht si miku i tij. Dhe po ti q\u00ebmtosh me v\u00ebmendje k\u00ebto p\u00ebrplasje, ato kan\u00eb ardhur kryesisht p\u00ebr dy tema, ose p\u00ebr planin e ndarjes s\u00eb Kosov\u00ebs, ose p\u00ebr at\u00eb t\u00eb mini Shengenit.<\/p>\n<p>Pra p\u00ebr dy projekte q\u00eb Edi Rama i ka hartuar s\u00eb bashku me Vu\u00e7i\u00e7in.<\/p>\n<p>P\u00ebr k\u00ebt\u00eb kuptuar k\u00ebt\u00eb, sinjifikativ \u00ebsht\u00eb nj\u00eb episod i takimit t\u00eb lider\u00ebve ballkanik\u00eb n\u00eb dhjetor 2019, q\u00eb u zhvillua n\u00eb Shqip\u00ebri. Aty presidenti serb i t\u00ebrhoqi v\u00ebrejtjen kryeministrit ton\u00eb se ai luante shum\u00eb n\u00eb mbrojtje dhe nuk promovonte me zell, iden\u00eb e shk\u00eblqyer t\u00eb mini Shengenit. Kaq u desh dhe kur mori fjal\u00ebn Rama nuk kurseu as Ramushin, as Vet\u00ebvendosjen, madje as Hashim Tha\u00e7in q\u00eb e pati bojkotuar at\u00eb samit.   <\/p>\n<p>Kjo po ndodh edhe tani. P\u00ebr t\u00eb ralizuar projektet e tij t\u00eb Ballkanit t\u00eb hapur me autokratin serb, kryeministrin ton\u00eb do e pengonte \u00e7do kush q\u00eb i kujton t\u00eb shkuar\u00ebn kriminale t\u00eb Serbis\u00eb n\u00eb Kosov\u00eb dhe planet e saj p\u00ebr ta ripushtuar ekonomikisht at\u00eb p\u00ebrmes mini Shengenit.<\/p>\n<p>N\u00eb k\u00ebt\u00eb rol sot \u00ebsht\u00eb v\u00ebn\u00eb Albin Kurti, q\u00eb po i mbron ashtu si\u00e7 di ta b\u00ebj\u00eb ai, me m\u00eb tep\u00ebr kryelart\u00ebsi dhe forc\u00eb, pothuajse t\u00eb nj\u00ebjtat parime q\u00eb kan\u00eb pasur edhe paraardh\u00ebsit e tij.<\/p>\n<p>Prandaj Rama sot po do t\u00eb godas\u00eb pas shpine dhe t\u00eb dob\u00ebsoj\u00eb pozit\u00ebn negociuse t\u00eb Albinit. Sepse ndon\u00ebse ai \u00ebsht\u00eb nj\u00eb penges\u00eb shum\u00eb e fort\u00eb, ai p\u00ebrb\u00ebn barier\u00ebn e radh\u00ebs n\u00eb lidhjen okulte me Vu\u00e7i\u00e7in.<\/p>\n<p>Pra n\u00eb k\u00ebt\u00eb kuptim, Edi Rama nuk e ka thjesht\u00eb me Kurtin, ai do t\u00eb trajtonte po nj\u00ebsoj k\u00ebdo q\u00eb b\u00ebhet penges\u00eb p\u00ebr projektet e tij me Vu\u00e7i\u00e7in. Dhe n\u00eb fakt, atij nuk i interesojn\u00eb as k\u00ebto nisma n\u00eb vetvete. Ai do thjesht\u00eb t\u00eb jet\u00eb pjes\u00eb e tav\u00ebs. <\/p>\n<p>Ai do t\u00eb luaj\u00eb rolin e nj\u00eb lideri t\u00eb rajonit. Sepse nuk ka si shpjegohet ndryshe q\u00eb dikush i cili ka miratuar nj\u00eb zgjidhje me ngritje muresh, si ajo e shk\u00ebmbimit t\u00eb territoreve dhe popull\u00ebsive, t\u00eb b\u00ebhet papritmas idhtar i nj\u00eb tjetre, krejt t\u00eb ndryshme, q\u00eb m\u00ebton ti rr\u00ebnoj\u00eb ato p\u00ebrmes Ballkanit t\u00eb hapur pa kufij dhe pa barriera.<\/p>\n<p>Edi Rama nuk ka as bindje dhe as ideale. Ai ka vet\u00ebm q\u00ebllime. Atij i duhet nj\u00eb projekti i p\u00ebrbashk\u00ebt me Vu\u00e7i\u00e7in, p\u00ebr t\u00eb mbuluar p\u00ebrmes statusit t\u00eb t\u00eb qenit faktor rajonal, krimet q\u00eb ka kryer n\u00eb nivel lokal.<\/p>\n<p>N\u00ebse ai shet fabul\u00ebn e njeriut q\u00eb do pajtoj\u00eb shqiptar\u00ebt me serb\u00ebt, pak kush do t\u00eb guxoj\u00eb t\u00eb mbaj\u00eb sh\u00ebnim vjedhjet masive t\u00eb parave publike, grabitjen e vot\u00ebs, lidhjet me krimin. Pik\u00ebrisht p\u00ebr k\u00ebt\u00eb i duhet binomi me presidentin serb. Prandaj dhe kushdo q\u00eb e kund\u00ebrshton at\u00eb, do b\u00ebhet pre e goditjeve si ajo e s\u00eb mart\u00ebs n\u00eb Facebook.<\/p>","protected":false},"excerpt":{"rendered":"<p>Nga Andi Bushati Edi Rama i ka ngulur nj\u00eb thik\u00eb pas shpine forc\u00ebs negociatore t\u00eb qeveris\u00eb s\u00eb Albin Kurtit, e cila \u00ebsht\u00eb n\u00eb hapat e par\u00eb t\u00eb nj\u00eb dialogu t\u00eb v\u00ebshtir\u00eb me Serbin\u00eb. Duke faj\u00ebsuar Kosov\u00ebn, p\u00ebr mosp\u00ebrparimin e tryez\u00ebs s\u00eb Brukselit, Kryeministri i Shqip\u00ebris\u00eb jo vet\u00ebm ka hedhur nj\u00eb hap q\u00eb do t\u00eb p\u00ebrb\u00ebnte [&hellip;]<\/p>\n","protected":false},"author":2031,"featured_media":197263,"comment_status":"closed","ping_status":"closed","sticky":false,"template":"","format":"standard","meta":{"footnotes":""},"categories":[364,231,235],"tags":[],"class_list":{"0":"post-197262","1":"post","2":"type-post","3":"status-publish","4":"format-standard","5":"has-post-thumbnail","7":"category-koment-opinion","8":"category-lajme","9":"category-vendi"},"_links":{"self":[{"href":"https:\/\/zjarr.tv\/en\/wp-json\/wp\/v2\/posts\/197262","targetHints":{"allow":["GET"]}}],"collection":[{"href":"https:\/\/zjarr.tv\/en\/wp-json\/wp\/v2\/posts"}],"about":[{"href":"https:\/\/zjarr.tv\/en\/wp-json\/wp\/v2\/types\/post"}],"author":[{"embeddable":true,"href":"https:\/\/zjarr.tv\/en\/wp-json\/wp\/v2\/users\/2031"}],"replies":[{"embeddable":true,"href":"https:\/\/zjarr.tv\/en\/wp-json\/wp\/v2\/comments?post=197262"}],"version-history":[{"count":0,"href":"https:\/\/zjarr.tv\/en\/wp-json\/wp\/v2\/posts\/197262\/revisions"}],"wp:featuredmedia":[{"embeddable":true,"href":"https:\/\/zjarr.tv\/en\/wp-json\/wp\/v2\/media\/197263"}],"wp:attachment":[{"href":"https:\/\/zjarr.tv\/en\/wp-json\/wp\/v2\/media?parent=197262"}],"wp:term":[{"taxonomy":"category","embeddable":true,"href":"https:\/\/zjarr.tv\/en\/wp-json\/wp\/v2\/categories?post=197262"},{"taxonomy":"post_tag","embeddable":true,"href":"https:\/\/zjarr.tv\/en\/wp-json\/wp\/v2\/tags?post=197262"}],"curies":[{"name":"wp","href":"https:\/\/api.w.org\/{rel}","templated":true}]}}