{"id":197435,"date":"2021-08-13T16:48:32","date_gmt":"2021-08-13T14:48:32","guid":{"rendered":"https:\/\/zjarr.tv\/?p=197435"},"modified":"2021-08-13T16:48:32","modified_gmt":"2021-08-13T14:48:32","slug":"banoret-e-lumasit-tjeter-kallezim-penal-ne-spak-akuzojne-per-shperdorim-detyre-kreun-e-ikmt-tirane-po-mbron-kryebashkiakun-e-kucoves-dhe-salillarin","status":"publish","type":"post","link":"https:\/\/zjarr.tv\/en\/banoret-e-lumasit-tjeter-kallezim-penal-ne-spak-akuzojne-per-shperdorim-detyre-kreun-e-ikmt-tirane-po-mbron-kryebashkiakun-e-kucoves-dhe-salillarin\/","title":{"rendered":"Banor\u00ebt e Lumasit tjet\u00ebr kall\u00ebzim penal n\u00eb SPAK, akuzojn\u00eb p\u00ebr \u201cshp\u00ebrdorim detyre\u201d kreun e IKMT Tiran\u00eb: Po mbron kryebashkiakun e Ku\u00e7ov\u00ebs dhe \u2018Salillarin\u2019"},"content":{"rendered":"<p>Banor\u00ebt fshatit Lumas i jan\u00eb drejtuar edhe sot Prokuroris\u00eb s\u00eb Posa\u00e7me kund\u00ebr Korrupsionit dhe Krimit t\u00eb Organizuar (SPAK), ku kan\u00eb kall\u00ebzuar penalisht p\u00ebr \u201cshp\u00ebrdorim detyre\u201d kryeinspektor pran\u00eb IKMT Tiran\u00eb, Albert Zybeja.<\/p>\n<p>Kall\u00ebzimi penal i banor\u00ebve t\u00eb Lumasit u krye mesdit\u00ebn e sotme, pas takimit q\u00eb nj\u00eb p\u00ebrfaq\u00ebsi e banor\u00ebve kreu me kryeinspektorin Zybeja ku m\u00ebsuan se nuk \u00ebsht\u00eb marr\u00eb prej tij vendimi p\u00ebr pezullimin e punimeve n\u00eb kanionin e Sinecit pas akt-konstatimit t\u00eb shkeljeve nga IKMT Elbasan. N\u00eb kall\u00ebzimin penal t\u00eb firmosur s\u00ebrish nga 123 banor\u00ebt e Lumasit k\u00ebrkohet ndjekje penale p\u00ebr \u201cshp\u00ebrdorim detyre\u201d p\u00ebr Kryeinspektor pran\u00eb IKMT Tiran\u00eb, Albert Zybeja, i cili duke mos marr\u00eb asnj\u00eb mas\u00eb po lejon q\u00eb t\u00eb vazhdohet t\u00eb punohet dhe t\u00eb d\u00ebmtohet Kanioni i Sinecit n\u00eb m\u00ebnyr\u00eb kriminale, e cila \u00ebsht\u00eb Zon\u00eb e Mbrojtur. Sipas banor\u00ebve-duke qen\u00eb se Kryeinspektori i Inspektoriatit Komb\u00ebtar t\u00eb Mbrojtjes s\u00eb Territorit, pas u njoh me relacionin e shkeljeve ligjore t\u00eb konstatuara nga 3 inspektor\u00ebt e IKMT-s\u00eb Elbasan, duhet t\u00eb vazhdonte procedurat e m\u00ebtejshme ligjore duke marr\u00eb masa t\u00eb menj\u00ebhershme p\u00ebr pezullimin e punimeve n\u00eb burimin e Sinecit dhe gjobitjen e firm\u00ebs Salillari q\u00eb ka shkat\u00ebrruar dhe po shkat\u00ebrron Monumentin e natyr\u00ebs Kanionin e Sinecit.<\/p>\n<p>N\u00eb kall\u00ebzimin penal t\u00eb 123 banor\u00ebve t\u00eb Lumasit thuhet se kyeinspektori Zybeja jo vet\u00ebm q\u00eb nuk ka vijuar me procedurat e m\u00ebtejshme ligjore por po mundohet t\u00eb zhb\u00ebj\u00eb procesverabalin e mbajtur nga ana e 3 inspektoreve t\u00eb IMT Elbasan, me q\u00ebllimin e vet\u00ebm t\u00eb mbrojtjes s\u00eb kryebashkiakut t\u00eb Ku\u00e7ov\u00ebs Kreshnik Hajdari, i cili ka lejuar t\u00eb nd\u00ebrtohet n\u00eb nj\u00eb zon\u00eb t\u00eb mbrojtur pa marr\u00eb m\u00eb par\u00eb edhe leje as nga Baseni Ujor Shkumbin Seman. N\u00eb kallzimin penal thuhet se,nga ana e k\u00ebtij kryeinspektori, jo vet\u00ebm q\u00eb nuk \u00ebsht\u00eb vijuar me procedurat e m\u00ebtejshme ligjore por ai po mundohet t\u00eb manipuloj\u00eb provat duke ngritur nj\u00eb tjet\u00ebr grup pune me q\u00ebllimin e vet\u00ebm t\u00eb manipulimit t\u00eb provave p\u00ebr fshehje t\u00eb fakteve dhe provave, t\u00eb cilat d\u00ebshmojn\u00eb qart\u00eb se n\u00eb burimin e Sinecit po nd\u00ebrtohet n\u00eb m\u00ebnyr\u00eb kriminale.<\/p>\n<p>Pak dit\u00eb m\u00eb par\u00eb, pas inspektimit t\u00eb kryer nga IMT Elbasan, u konstatua se n\u00eb zon\u00ebn e Sinecit jan\u00eb kryer shkelje t\u00eb r\u00ebnda. Kan\u00eb qen\u00eb 3 inspektor\u00ebt e IKMT-s\u00eb Elbasan: Klajdi Merxhani, Aranit \u00c7ela dhe Ardian Lufo ata q\u00eb kan\u00eb mbajtur edhe proces-verbalin e konstatimit t\u00eb kundravajtjes, proces-verbal i mbajtur n\u00eb dat\u00ebn 05.08.2021.Inspektor\u00ebt ushtruan kontroll n\u00eb bashkin\u00eb Ku\u00e7ov\u00eb dhe n\u00eb kantierin e nd\u00ebrtimit n\u00eb Kanionin e Sinecit (monument natyre) dhe konstatuar kundravajtjet ligjore: marrja pa leje administrative e ujit, mospajisje me autorizim, veprimtari q\u00eb kryhen n\u00eb kund\u00ebrshtim t\u00eb mbrojtjes s\u00eb brigjeve dhe nd\u00ebrtimin e objekteve p\u00ebr shfryt\u00ebzimin e burimeve.<\/p>\n<p>Edhe Agjencia e Menaxhimit t\u00eb Burimeve Ujore, Zyra e Administrimit t\u00eb Basenit Ujor Shkumbin-Seman, ka b\u00ebr\u00eb me dije sot n\u00ebp\u00ebrmjet nj\u00eb shkrese zyrtare se, bashkia Ku\u00e7ov\u00eb nuk \u00ebsht\u00eb e pajisur me leje p\u00ebrdorimi t\u00eb burimit ujor\u00eb p\u00ebr t\u00eb cilin b\u00ebhet fjal\u00eb nga organet e menaxhimit t\u00eb burimeve ujore.<\/p>","protected":false},"excerpt":{"rendered":"<p>Banor\u00ebt fshatit Lumas i jan\u00eb drejtuar edhe sot Prokuroris\u00eb s\u00eb Posa\u00e7me kund\u00ebr Korrupsionit dhe Krimit t\u00eb Organizuar (SPAK), ku kan\u00eb kall\u00ebzuar penalisht p\u00ebr \u201cshp\u00ebrdorim detyre\u201d kryeinspektor pran\u00eb IKMT Tiran\u00eb, Albert Zybeja. Kall\u00ebzimi penal i banor\u00ebve t\u00eb Lumasit u krye mesdit\u00ebn e sotme, pas takimit q\u00eb nj\u00eb p\u00ebrfaq\u00ebsi e banor\u00ebve kreu me kryeinspektorin Zybeja ku m\u00ebsuan [&hellip;]<\/p>\n","protected":false},"author":2031,"featured_media":197436,"comment_status":"closed","ping_status":"closed","sticky":false,"template":"","format":"standard","meta":{"footnotes":""},"categories":[241,235],"tags":[],"class_list":{"0":"post-197435","1":"post","2":"type-post","3":"status-publish","4":"format-standard","5":"has-post-thumbnail","7":"category-aktualitet","8":"category-vendi"},"_links":{"self":[{"href":"https:\/\/zjarr.tv\/en\/wp-json\/wp\/v2\/posts\/197435","targetHints":{"allow":["GET"]}}],"collection":[{"href":"https:\/\/zjarr.tv\/en\/wp-json\/wp\/v2\/posts"}],"about":[{"href":"https:\/\/zjarr.tv\/en\/wp-json\/wp\/v2\/types\/post"}],"author":[{"embeddable":true,"href":"https:\/\/zjarr.tv\/en\/wp-json\/wp\/v2\/users\/2031"}],"replies":[{"embeddable":true,"href":"https:\/\/zjarr.tv\/en\/wp-json\/wp\/v2\/comments?post=197435"}],"version-history":[{"count":0,"href":"https:\/\/zjarr.tv\/en\/wp-json\/wp\/v2\/posts\/197435\/revisions"}],"wp:featuredmedia":[{"embeddable":true,"href":"https:\/\/zjarr.tv\/en\/wp-json\/wp\/v2\/media\/197436"}],"wp:attachment":[{"href":"https:\/\/zjarr.tv\/en\/wp-json\/wp\/v2\/media?parent=197435"}],"wp:term":[{"taxonomy":"category","embeddable":true,"href":"https:\/\/zjarr.tv\/en\/wp-json\/wp\/v2\/categories?post=197435"},{"taxonomy":"post_tag","embeddable":true,"href":"https:\/\/zjarr.tv\/en\/wp-json\/wp\/v2\/tags?post=197435"}],"curies":[{"name":"wp","href":"https:\/\/api.w.org\/{rel}","templated":true}]}}