{"id":197458,"date":"2021-08-13T18:55:12","date_gmt":"2021-08-13T16:55:12","guid":{"rendered":"https:\/\/zjarr.tv\/?p=197458"},"modified":"2021-08-13T18:55:12","modified_gmt":"2021-08-13T16:55:12","slug":"open-balkan-lubonja-serbia-del-me-e-fituar-rama-nuk-bashkepunon-me-kurtin-sepse-ai-e-kundershton","status":"publish","type":"post","link":"https:\/\/zjarr.tv\/en\/open-balkan-lubonja-serbia-del-me-e-fituar-rama-nuk-bashkepunon-me-kurtin-sepse-ai-e-kundershton\/","title":{"rendered":"\u201cOpen Balkan\u201d\/ Lubonja: Serbia del m\u00eb e fituar. Rama nuk bashk\u00ebpunon me Kurtin, sepse ai e kund\u00ebrshton"},"content":{"rendered":"<p>Duke folur n\u00eb rubrik\u00ebn \u201cOpinion\u201d n\u00eb \u201cNews 24\u201d Lubonja tha se Edi Rama nuk bashk\u00ebpunon me Albin Kurtin p\u00ebr shkak t\u00eb kultur\u00ebs s\u00eb tij denigruese me ata q\u00eb mendojn\u00eb kund\u00ebr. Sa i takon tregut t\u00eb lir\u00eb analisti \u00ebsht\u00eb i mendimit se aty dominon m\u00eb i forti dhe humbet m\u00eb i dob\u00ebti.<\/p>\n<p>\u201c<em>Ka nj\u00eb k\u00ebrkes\u00eb maksimale shqiptare, ashtu si\u00e7 ka nj\u00eb k\u00ebrkes\u00eb maksimale serbe. K\u00ebrkesa maksimale e Kosov\u00ebs \u00ebsht\u00eb q\u00eb po nuk u k\u00ebrkua ndjes\u00eb nga Serbia asgj\u00eb nuk mund t\u00eb ndodh\u00eb. Q\u00eb \u00ebsht\u00eb ekstreme. Nga ana tjet\u00ebr, dihet Serbia nuk k\u00ebrkon ndjes\u00eb, k\u00ebrkon mosnjohjen e Kosov\u00ebs. Sipas mendimit tim, dhe jo vet\u00ebm timin, ideja q\u00eb t\u00eb vjen \u00ebsht\u00eb q\u00eb Serbia po punon me diplomaci p\u00ebr ta shtyre k\u00ebt\u00eb zgjidhje. Edhe Serbia nuk e do dialogun, dhe nuk e do zgjidhjen. K\u00ebrkon t\u00eb fitoj\u00eb koh\u00eb. \u00cbsht\u00eb konflikt i ngrir\u00eb. Jam dakord q\u00eb lider\u00ebt para Albin Kurtin kan\u00eb qen\u00eb shum\u00eb t\u00eb n\u00ebnshtruar. Albin Kurti \u00ebsht\u00eb pak m\u00eb intransigjent, nuk i intereson dialogu. Sepse e ndjen sepse Serbia ka mb\u00ebshtetje m\u00eb shum\u00eb dhe mund t\u00eb humbas\u00eb. Mendoj q\u00eb ka nj\u00eb pjes\u00eb t\u00eb drejt\u00eb, megjithat\u00eb duhet t\u00eb gjenden m\u00ebnyrat. Ka 30 vjet q\u00eb ka d\u00ebshtuar Europa. Duhet par\u00eb edhe me v\u00ebshtrim kritik. Shqiptar\u00ebt duhet t\u00eb ken\u00eb nj\u00eb pozicion m\u00eb t\u00eb konsoliduar dhe jo \u00e7do gj\u00eb q\u00eb thon\u00eb at\u00eb duhet tu thuash lepe peqe<\/em>\u201d, shprehet Lubonja.<\/p>\n<p>Pyetjes se \u00e7far\u00eb e pengon e Ram\u00ebn t\u00eb bashk\u00ebpunoj\u00eb me Kurtin, analisti i p\u00ebrgjigjet: \u201c<em>\u00cbsht\u00eb kultura. Rama nuk ka b\u00ebr\u00eb ndonj\u00ebher\u00eb dialog me ata q\u00eb e kund\u00ebrshtojn\u00eb, vet\u00ebm denigrim. E dyta \u00ebsht\u00eb dominimi, q\u00eb na ka l\u00ebn\u00eb n\u00eb k\u00ebt\u00eb sistem autoritar. M\u00eb her\u00ebt kishte gjetur nj\u00eb klas\u00eb politike q\u00eb e kishte n\u00ebn hyq\u00ebm. Tani ka nj\u00eb kund\u00ebrshtar q\u00eb e ka edhe ai k\u00ebt\u00eb kultur\u00ebn e imponimit. Po ta shikosh nga jasht\u00eb ne na paraqet primitiv\u00eb t\u00eb dy pal\u00ebt. Jan\u00eb t\u00eb dy primitiv\u00eb n\u00eb paaft\u00ebsin\u00eb p\u00ebr t\u00eb b\u00ebr\u00eb dialog<\/em>\u201d.<\/p>\n<p>Sa i takon q\u00ebllimit t\u00eb Albin Kurtit, Lubonja thot\u00eb: \u201c<em>Kund\u00ebrshtimi nuk \u00ebsht\u00eb vet\u00ebm Albin Kurti. Jan\u00eb tre shtete nuk \u00ebsht\u00eb Albin Kurti q\u00eb nuk kan\u00eb hyr\u00eb k\u00ebtu. Un\u00eb kam rezervat e mia p\u00ebr tregun e lir\u00eb. Treg t\u00eb lir\u00eb nuk ka, tregun e dominon m\u00eb i forti. T\u00eb dob\u00ebtit humbasin. Jo vet\u00ebm humbet, por kur ke konflikt t\u00eb pazgjidhur me Serbin\u00eb. Jo vet\u00ebm ai t\u00eb dominon ekonomikisht, por ai lidhet me probleme territori, t\u00eb pazgjidhura. K\u00ebtu Shqip\u00ebria duhet t\u00eb luante rol p\u00ebr ti zgjidhur k\u00ebto probleme<\/em>\u201d.<\/p>","protected":false},"excerpt":{"rendered":"<p>Duke folur n\u00eb rubrik\u00ebn \u201cOpinion\u201d n\u00eb \u201cNews 24\u201d Lubonja tha se Edi Rama nuk bashk\u00ebpunon me Albin Kurtin p\u00ebr shkak t\u00eb kultur\u00ebs s\u00eb tij denigruese me ata q\u00eb mendojn\u00eb kund\u00ebr. Sa i takon tregut t\u00eb lir\u00eb analisti \u00ebsht\u00eb i mendimit se aty dominon m\u00eb i forti dhe humbet m\u00eb i dob\u00ebti. \u201cKa nj\u00eb k\u00ebrkes\u00eb maksimale [&hellip;]<\/p>\n","protected":false},"author":2030,"featured_media":197459,"comment_status":"closed","ping_status":"closed","sticky":false,"template":"","format":"standard","meta":{"footnotes":""},"categories":[241,3366,1454],"tags":[],"class_list":{"0":"post-197458","1":"post","2":"type-post","3":"status-publish","4":"format-standard","5":"has-post-thumbnail","7":"category-aktualitet","8":"category-koment","9":"category-politike"},"_links":{"self":[{"href":"https:\/\/zjarr.tv\/en\/wp-json\/wp\/v2\/posts\/197458","targetHints":{"allow":["GET"]}}],"collection":[{"href":"https:\/\/zjarr.tv\/en\/wp-json\/wp\/v2\/posts"}],"about":[{"href":"https:\/\/zjarr.tv\/en\/wp-json\/wp\/v2\/types\/post"}],"author":[{"embeddable":true,"href":"https:\/\/zjarr.tv\/en\/wp-json\/wp\/v2\/users\/2030"}],"replies":[{"embeddable":true,"href":"https:\/\/zjarr.tv\/en\/wp-json\/wp\/v2\/comments?post=197458"}],"version-history":[{"count":0,"href":"https:\/\/zjarr.tv\/en\/wp-json\/wp\/v2\/posts\/197458\/revisions"}],"wp:featuredmedia":[{"embeddable":true,"href":"https:\/\/zjarr.tv\/en\/wp-json\/wp\/v2\/media\/197459"}],"wp:attachment":[{"href":"https:\/\/zjarr.tv\/en\/wp-json\/wp\/v2\/media?parent=197458"}],"wp:term":[{"taxonomy":"category","embeddable":true,"href":"https:\/\/zjarr.tv\/en\/wp-json\/wp\/v2\/categories?post=197458"},{"taxonomy":"post_tag","embeddable":true,"href":"https:\/\/zjarr.tv\/en\/wp-json\/wp\/v2\/tags?post=197458"}],"curies":[{"name":"wp","href":"https:\/\/api.w.org\/{rel}","templated":true}]}}