{"id":197480,"date":"2021-08-13T19:45:20","date_gmt":"2021-08-13T17:45:20","guid":{"rendered":"https:\/\/zjarr.tv\/?p=197480"},"modified":"2021-08-13T19:45:20","modified_gmt":"2021-08-13T17:45:20","slug":"u-ankua-se-e-kishte-rrogen-e-vogel-erion-isai-perfundon-ne-shenjestren-e-spak-i-sekuestrohen-dosjet-e-tenderave","status":"publish","type":"post","link":"https:\/\/zjarr.tv\/en\/u-ankua-se-e-kishte-rrogen-e-vogel-erion-isai-perfundon-ne-shenjestren-e-spak-i-sekuestrohen-dosjet-e-tenderave\/","title":{"rendered":"U ankua se e kishte rrog\u00ebn e vog\u00ebl\/ Erion Isai p\u00ebrfundon n\u00eb sh\u00ebnjestr\u00ebn e SPAK, i sekuestrohen dosjet e tenderave"},"content":{"rendered":"<p>Prokuroria Speciale Anti-Korrupsion ka sekuestruar disa dosje tenderash n\u00eb Bashkin\u00eb e Kolonj\u00ebs, e drejtuar nga aktori i humorit Erion Isai, n\u00ebn sigl\u00ebn e Partis\u00eb Socialiste.<\/p>\n<p>Nga raportimet m\u00ebsohet se nga hetuesit e SPAK jan\u00eb sekuestruar disa dosje tenderash, pas denoncimit q\u00eb ka b\u00ebr\u00eb nj\u00eb ish-punonj\u00ebs i bashkis\u00eb.<\/p>\n<p>Nuk dihet se dosjet e kujt tenderave jan\u00eb sekuestruar, sikund\u00ebr nuk ka raportime zyrtare lidhur me ndalime apo arrestime t\u00eb punonj\u00ebsve t\u00eb Bashkis\u00eb.<\/p>","protected":false},"excerpt":{"rendered":"<p>Prokuroria Speciale Anti-Korrupsion ka sekuestruar disa dosje tenderash n\u00eb Bashkin\u00eb e Kolonj\u00ebs, e drejtuar nga aktori i humorit Erion Isai, n\u00ebn sigl\u00ebn e Partis\u00eb Socialiste. Nga raportimet m\u00ebsohet se nga hetuesit e SPAK jan\u00eb sekuestruar disa dosje tenderash, pas denoncimit q\u00eb ka b\u00ebr\u00eb nj\u00eb ish-punonj\u00ebs i bashkis\u00eb. Nuk dihet se dosjet e kujt tenderave jan\u00eb [&hellip;]<\/p>\n","protected":false},"author":2030,"featured_media":197481,"comment_status":"closed","ping_status":"closed","sticky":false,"template":"","format":"standard","meta":{"footnotes":""},"categories":[241,1454],"tags":[],"class_list":{"0":"post-197480","1":"post","2":"type-post","3":"status-publish","4":"format-standard","5":"has-post-thumbnail","7":"category-aktualitet","8":"category-politike"},"_links":{"self":[{"href":"https:\/\/zjarr.tv\/en\/wp-json\/wp\/v2\/posts\/197480","targetHints":{"allow":["GET"]}}],"collection":[{"href":"https:\/\/zjarr.tv\/en\/wp-json\/wp\/v2\/posts"}],"about":[{"href":"https:\/\/zjarr.tv\/en\/wp-json\/wp\/v2\/types\/post"}],"author":[{"embeddable":true,"href":"https:\/\/zjarr.tv\/en\/wp-json\/wp\/v2\/users\/2030"}],"replies":[{"embeddable":true,"href":"https:\/\/zjarr.tv\/en\/wp-json\/wp\/v2\/comments?post=197480"}],"version-history":[{"count":0,"href":"https:\/\/zjarr.tv\/en\/wp-json\/wp\/v2\/posts\/197480\/revisions"}],"wp:featuredmedia":[{"embeddable":true,"href":"https:\/\/zjarr.tv\/en\/wp-json\/wp\/v2\/media\/197481"}],"wp:attachment":[{"href":"https:\/\/zjarr.tv\/en\/wp-json\/wp\/v2\/media?parent=197480"}],"wp:term":[{"taxonomy":"category","embeddable":true,"href":"https:\/\/zjarr.tv\/en\/wp-json\/wp\/v2\/categories?post=197480"},{"taxonomy":"post_tag","embeddable":true,"href":"https:\/\/zjarr.tv\/en\/wp-json\/wp\/v2\/tags?post=197480"}],"curies":[{"name":"wp","href":"https:\/\/api.w.org\/{rel}","templated":true}]}}