{"id":197490,"date":"2021-08-13T22:10:40","date_gmt":"2021-08-13T20:10:40","guid":{"rendered":"https:\/\/zjarr.tv\/?p=197490"},"modified":"2021-08-13T22:11:01","modified_gmt":"2021-08-13T20:11:01","slug":"197490-2","status":"publish","type":"post","link":"https:\/\/zjarr.tv\/en\/197490-2\/","title":{"rendered":"U pushua nga puna se denoncoi kushtet n\u00eb QSUT, mjeku Allkja: Fitorja e par\u00eb, Komisioneri rr\u00ebzoi vendimin!"},"content":{"rendered":"<p>Komisioneri p\u00ebr Mbrojtjen nga Diskriminimi e ka konsideruar t\u00eb padrejt\u00eb pushimin nga puna t\u00eb mjekut t\u00eb QSUT, Ilir Allkja.<\/p>\n<p>Allkja \u00ebsht\u00eb larguar gjat\u00eb muajve t\u00eb pandemis\u00eb, nd\u00ebrssa ishte pjes\u00eb e Urgjenc\u00ebs s\u00eb QSUT.<\/p>\n<p>Allkja kishte denoncuar me fakte dhe prova at\u00eb q\u00eb po ndodhte me pacient\u00ebt, ve\u00e7an\u00ebrisht ato q\u00eb kishin nevoja p\u00ebr hospitalizim, t\u00eb cil\u00ebt prisnin n\u00eb ambulanca me or\u00eb t\u00eb t\u00ebra, pavar\u00ebsisht gjendjes s\u00eb rvnduar sh\u00ebndet\u00ebsore.<\/p>\n<p>Postimi i plot\u00eb i mjekut Ilir Allkja:<\/p>\n<p>FITORJA E PAR\u00cb<\/p>\n<p>Dje mora dijeni p\u00ebr vendimin e Komisionerit p\u00ebr Mbrojtjen nga Diskrimini n\u00eb lidhje me padin\u00eb time n\u00eb k\u00ebt\u00eb institucion ndaj Qendr\u00ebs Spitalore Universitare &#8220;N\u00ebn\u00eb Tereza&#8221; , ku pretendoja pushim t\u00eb padrejt\u00eb nga puna, diskriminim p\u00ebr lirin\u00eb e fjal\u00ebs, trajtim t\u00eb padrejt\u00eb, t\u00eb parabart\u00eb krahasuar me mjek\u00eb t\u00eb tjer\u00eb t\u00eb QSUNT t\u00eb cil\u00ebt jan\u00eb aktivizuar politikisht n\u00eb mbrojtje t\u00eb qeveris\u00eb .<\/p>\n<p>Komisioneri ka vler\u00ebsuar se:<\/p>\n<p>-Argumentat e dh\u00ebn\u00eb nga QSUNT p\u00ebr zgjidhjen e menj\u00ebhershme t\u00eb marr\u00ebdh\u00ebnieve t\u00eb pun\u00ebs me ankuesin (mjekun Allkja) nuk q\u00ebndrojn\u00eb, dhe se, referimi tek baza ligjore e cituar n\u00eb vendimin p\u00ebr largimin e tij nga puna, \u00ebsht\u00eb i gabuar dhe i keqzbatuar .<\/p>\n<p>Komisioneri p\u00ebr Mbrojtjen nga Diskrimini \u00ebsht\u00eb shprehur se ndaj meje jan\u00eb p\u00ebrmbushur t\u00eb treja kushtet e diskriminimit:<\/p>\n<p>&#8211; Trajtim i padrejt\u00eb<\/p>\n<p>-Trajtim i pabarabart\u00eb e i pafavorsh\u00ebm.<\/p>\n<p>-Munges\u00eb justifikimi t\u00eb arsyesh\u00ebm dhe objektiv.<\/p>\n<p>Un\u00eb e kam shprehur edhe her\u00eb t\u00eb tjera n\u00eb media, se jam pushuar nga puna vet\u00ebm se kam kam k\u00ebrkuar t\u00eb shp\u00ebtoheshin m\u00eb shum\u00eb jet\u00eb shqiptar\u00ebsh dhe se kam kritikuar qeverin\u00eb n\u00eb menaxhimin e pandemis\u00eb s\u00eb COVID-19.<\/p>\n<p>Fal\u00ebnderoj Komisionerin e Mbrojtjes nga Diskrimini p\u00ebr trajtimin objektiv t\u00eb ankes\u00ebs time si dhe avokat\u00ebt e mir\u00ebnjohur Ledio Braho dhe Indrit Sefa p\u00ebr p\u00ebrkushtimin qytetar dhe profesional!<\/p>\n<p>Beteja vazhdon !<\/p>","protected":false},"excerpt":{"rendered":"<p>Komisioneri p\u00ebr Mbrojtjen nga Diskriminimi e ka konsideruar t\u00eb padrejt\u00eb pushimin nga puna t\u00eb mjekut t\u00eb QSUT, Ilir Allkja. Allkja \u00ebsht\u00eb larguar gjat\u00eb muajve t\u00eb pandemis\u00eb, nd\u00ebrssa ishte pjes\u00eb e Urgjenc\u00ebs s\u00eb QSUT. Allkja kishte denoncuar me fakte dhe prova at\u00eb q\u00eb po ndodhte me pacient\u00ebt, ve\u00e7an\u00ebrisht ato q\u00eb kishin nevoja p\u00ebr hospitalizim, t\u00eb cil\u00ebt [&hellip;]<\/p>\n","protected":false},"author":2031,"featured_media":197491,"comment_status":"closed","ping_status":"closed","sticky":false,"template":"","format":"standard","meta":{"footnotes":""},"categories":[231],"tags":[],"class_list":{"0":"post-197490","1":"post","2":"type-post","3":"status-publish","4":"format-standard","5":"has-post-thumbnail","7":"category-lajme"},"_links":{"self":[{"href":"https:\/\/zjarr.tv\/en\/wp-json\/wp\/v2\/posts\/197490","targetHints":{"allow":["GET"]}}],"collection":[{"href":"https:\/\/zjarr.tv\/en\/wp-json\/wp\/v2\/posts"}],"about":[{"href":"https:\/\/zjarr.tv\/en\/wp-json\/wp\/v2\/types\/post"}],"author":[{"embeddable":true,"href":"https:\/\/zjarr.tv\/en\/wp-json\/wp\/v2\/users\/2031"}],"replies":[{"embeddable":true,"href":"https:\/\/zjarr.tv\/en\/wp-json\/wp\/v2\/comments?post=197490"}],"version-history":[{"count":0,"href":"https:\/\/zjarr.tv\/en\/wp-json\/wp\/v2\/posts\/197490\/revisions"}],"wp:featuredmedia":[{"embeddable":true,"href":"https:\/\/zjarr.tv\/en\/wp-json\/wp\/v2\/media\/197491"}],"wp:attachment":[{"href":"https:\/\/zjarr.tv\/en\/wp-json\/wp\/v2\/media?parent=197490"}],"wp:term":[{"taxonomy":"category","embeddable":true,"href":"https:\/\/zjarr.tv\/en\/wp-json\/wp\/v2\/categories?post=197490"},{"taxonomy":"post_tag","embeddable":true,"href":"https:\/\/zjarr.tv\/en\/wp-json\/wp\/v2\/tags?post=197490"}],"curies":[{"name":"wp","href":"https:\/\/api.w.org\/{rel}","templated":true}]}}