{"id":197528,"date":"2021-08-14T10:44:38","date_gmt":"2021-08-14T08:44:38","guid":{"rendered":"https:\/\/zjarr.tv\/?p=197528"},"modified":"2021-08-14T10:44:38","modified_gmt":"2021-08-14T08:44:38","slug":"deputeti-i-zgjedhur-i-pd-se-tritan-shehu-i-ben-thirrje-shqiptareve-te-jene-te-vemendshem","status":"publish","type":"post","link":"https:\/\/zjarr.tv\/en\/deputeti-i-zgjedhur-i-pd-se-tritan-shehu-i-ben-thirrje-shqiptareve-te-jene-te-vemendshem\/","title":{"rendered":"Deputeti i zgjedhur i PD-s\u00eb Tritan Shehu i b\u00ebn thirrje shqiptar\u00ebve t\u00eb jen\u00eb t\u00eb v\u00ebmendsh\u00ebm&#8230;"},"content":{"rendered":"<p>Deputeti i zgjedhur i PD-s\u00eb Tritan Shehu i b\u00ebn thirrje shqiptar\u00ebve t\u00eb jen\u00eb t\u00eb v\u00ebmendsh\u00ebm, duke par\u00eb situat\u00ebn n\u00eb Afganistan ku taleban\u00ebt po marrin n\u00ebn kontroll t\u00eb gjith\u00eb vendin. <\/p>\n<p>Ai thot\u00eb se fati i madh i shqiptar\u00ebve \u00ebsht\u00eb se ndodhen n\u00eb per\u00ebndim, mir\u00ebpo duhet t\u00eb ruhen ndaj \u201ctaleban\u00ebve t\u00eb disa llojsh\u00ebm\u201d q\u00eb sipas tij mund t\u00eb jen\u00eb \u201cdemon\u00eb t\u00eb zhvillimit, vlerave, lirive dhe t\u00eb drejtave\u201d. <\/p>\n<p>Postimi i plot\u00eb i Shehut:<\/p>\n<p> Njerezit edhe n\u00eb Shqip\u00ebri duhet t\u00eb p\u00ebrmenden.<\/p>\n<p>Po kthehen taleban\u00ebt! Nuk \u00ebsht\u00eb m\u00eb figurative, \u00ebsht\u00eb reale, po ndodh.<\/p>\n<p>Ne Bote po levizin e ndryshojne shume faktore. Po ndodh sepse ai popull nuk i doli zot vetes se tij\u2026.dhe tashti po bije perseri ne Ferrin e bishave.<\/p>\n<p>Pra ne histori cdo gje mund te ndodhe, mund te perseriten dhe ngjarjet me tragjike\u2026kur harohen, nuk reagohet, kur popujt vetem presin. Kjo mund te ndodhe kudo se bota tashme eshte e vogel, BE po perforcon kufijte. <\/p>\n<p>Dhe talebanet mund te jene te disa llojeshem ne pamje, jo vetem ashtu sic i shihni ne ate foto, por ne fakt jane ne thelb te njejte\u2026djaj te zinj, demone te zhvillimit, vlerave, lirive, te drejtave\u2026ku me shume e ku me pak ne dukje.<\/p>\n<p>Fati jone i madh eshte ndodhja ne Europe, ne Perendim. Por kjo nuk eshte nje garanci e perjeteshme, apriori, e pa levizeshme. Do te behet e tille vetem kur ne te ngjitemi fort, te behemi nje trup, nje pjese me Europen tone.<\/p>\n<p>Prandaj kujdes nga cdo e care e krijuar me ate, nga cdo cvendosje, vonese per ne ate drejtim te bekuar. Mund te jete tragjike e nesermja, nqs nuk kujtojme, mendojme e reagojme me force kur duhet reaguar.<\/p>\n<p> Dhe momenti ka ardhur\u2026neser femijet, niperit tane mund te duhet te qajne shume e shume gjate si antenatet tane kohe me pare ne ferrin e ketushem, apo nga malli, qofte dhe prej brigjeve te Italise mike.<\/p>","protected":false},"excerpt":{"rendered":"<p>Deputeti i zgjedhur i PD-s\u00eb Tritan Shehu i b\u00ebn thirrje shqiptar\u00ebve t\u00eb jen\u00eb t\u00eb v\u00ebmendsh\u00ebm, duke par\u00eb situat\u00ebn n\u00eb Afganistan ku taleban\u00ebt po marrin n\u00ebn kontroll t\u00eb gjith\u00eb vendin. Ai thot\u00eb se fati i madh i shqiptar\u00ebve \u00ebsht\u00eb se ndodhen n\u00eb per\u00ebndim, mir\u00ebpo duhet t\u00eb ruhen ndaj \u201ctaleban\u00ebve t\u00eb disa llojsh\u00ebm\u201d q\u00eb sipas tij mund [&hellip;]<\/p>\n","protected":false},"author":2031,"featured_media":162773,"comment_status":"closed","ping_status":"closed","sticky":false,"template":"","format":"standard","meta":{"footnotes":""},"categories":[231],"tags":[],"class_list":{"0":"post-197528","1":"post","2":"type-post","3":"status-publish","4":"format-standard","5":"has-post-thumbnail","7":"category-lajme"},"_links":{"self":[{"href":"https:\/\/zjarr.tv\/en\/wp-json\/wp\/v2\/posts\/197528","targetHints":{"allow":["GET"]}}],"collection":[{"href":"https:\/\/zjarr.tv\/en\/wp-json\/wp\/v2\/posts"}],"about":[{"href":"https:\/\/zjarr.tv\/en\/wp-json\/wp\/v2\/types\/post"}],"author":[{"embeddable":true,"href":"https:\/\/zjarr.tv\/en\/wp-json\/wp\/v2\/users\/2031"}],"replies":[{"embeddable":true,"href":"https:\/\/zjarr.tv\/en\/wp-json\/wp\/v2\/comments?post=197528"}],"version-history":[{"count":0,"href":"https:\/\/zjarr.tv\/en\/wp-json\/wp\/v2\/posts\/197528\/revisions"}],"wp:featuredmedia":[{"embeddable":true,"href":"https:\/\/zjarr.tv\/en\/wp-json\/wp\/v2\/media\/162773"}],"wp:attachment":[{"href":"https:\/\/zjarr.tv\/en\/wp-json\/wp\/v2\/media?parent=197528"}],"wp:term":[{"taxonomy":"category","embeddable":true,"href":"https:\/\/zjarr.tv\/en\/wp-json\/wp\/v2\/categories?post=197528"},{"taxonomy":"post_tag","embeddable":true,"href":"https:\/\/zjarr.tv\/en\/wp-json\/wp\/v2\/tags?post=197528"}],"curies":[{"name":"wp","href":"https:\/\/api.w.org\/{rel}","templated":true}]}}