{"id":197916,"date":"2021-08-17T13:06:49","date_gmt":"2021-08-17T11:06:49","guid":{"rendered":"https:\/\/zjarr.tv\/?p=197916"},"modified":"2021-08-17T13:06:49","modified_gmt":"2021-08-17T11:06:49","slug":"flaket-te-sarajet-plani-rama-veliaj-per-te-ngritur-kulla-me-muze-brenda","status":"publish","type":"post","link":"https:\/\/zjarr.tv\/en\/flaket-te-sarajet-plani-rama-veliaj-per-te-ngritur-kulla-me-muze-brenda\/","title":{"rendered":"Flak\u00ebt te Sarajet\/ Plani Rama-Veliaj p\u00ebr t\u00eb ngritur Kulla me muze brenda\u2026"},"content":{"rendered":"<p>Kryebashkiaku Erion Veliaj dhe Kryeministri Edi Rama, m\u00eb n\u00eb fund po realizojn\u00eb planin e tyre p\u00ebr nd\u00ebrtimin e kullave, tek trualli i godin\u00ebs s\u00eb Sarajeve. Shpron\u00ebsimi i godin\u00ebs s\u00eb Sarajeve, ka q\u00ebn\u00eb nj\u00eb plan i vendosur nga Veliaj dhe Rama q\u00eb n\u00eb fillim t\u00eb vitit 2020. Ata n\u00ebn preteksin e kthimit t\u00eb godin\u00ebs n\u00eb muze, u p\u00ebrpoq\u00ebn t\u00eb shpron\u00ebsonin me forc\u00eb pronar\u00ebt e godin\u00ebs.<\/p>\n<p>Tashm\u00eb me djegien e godin\u00ebs gjith\u00e7ka u b\u00eb m\u00eb e leht\u00eb.<\/p>\n<p>Veliaj u shpreh t\u00eb mart\u00ebn n\u00eb Twitter se zjarri n\u00eb godin\u00ebn e Sarajeve, ishte i q\u00ebllimsh\u00ebm nga politikan\u00ebt \u2018e shqet\u00ebsuar dit\u00ebn p\u00ebr popullin\u2019, ai u shua nga zjarr\u00ebfik\u00ebsit e Bashkis\u00eb dhe mbi t\u00eb gjitha: Sarajet do t\u00eb shpron\u00ebsohet dhe do t\u00eb shpallet muze. Madje Veliaj n\u00eb m\u00ebnyr\u00eb bind\u00ebse u shpreh se \u2018ta harrojn\u00eb q\u00eb aty do t\u00eb ket\u00eb nd\u00ebrtim\u2019. Kryebashkiaku ka paralajm\u00ebruar tre her\u00eb shpron\u00ebsimin e godin\u00ebs. N\u00eb janar 2020, i ftuar n\u00eb emisionin Opinion, ai u shpreh se pronar\u00ebt do t\u00eb shpron\u00ebsohen dhe godina do t\u00eb kthehet n\u00eb muze. T\u00eb nj\u00ebjt\u00ebn deklarat\u00eb Veliaj e ka b\u00ebr\u00eb dhe n\u00eb maj, 2020 pas shembjes s\u00eb Teatrit Komb\u00ebtar, duke th\u00ebn\u00eb se sht\u00ebpit\u00eb e Libohovit\u00ebve dhe Sarajet do t\u00eb shpron\u00ebsohen p\u00ebr tu kthyer n\u00eb muze.<\/p>\n<p>Nd\u00ebrsa n\u00eb intervist\u00ebn e dh\u00ebn\u00eb n\u00eb shtator 2020, Veliaj nuk e p\u00ebrmendi m\u00eb kthimin e tyre n\u00eb muze. Pohimi i th\u00ebn\u00eb n\u00eb m\u00ebnyr\u00eb t\u00eb shkujdesur i Veliajt, pa p\u00ebrmendur se \u00e7do t\u00eb b\u00ebj\u00eb me dy nd\u00ebrtesat e shpron\u00ebsuara, me shum\u00eb gjasa zbulon nj\u00eb projekt korruptiv grabitjeje, t\u00eb cilin kryeministri Rama ka koh\u00eb q\u00eb e ka planifikuar. Rama, n\u00eb bashk\u00ebpunim me nj\u00eb nga oligark\u00ebt m\u00eb t\u00eb m\u00ebdhenj t\u00eb vendit, ka planifikuar q\u00eb n\u00eb truallin e nd\u00ebrtes\u00ebs Sarajet, t\u00eb ngrej\u00eb nj\u00eb kull\u00eb rreth 45 kate t\u00eb lart\u00eb, nj\u00eb koncept, iden\u00eb e s\u00eb cil\u00ebs e ka par\u00eb Exit News. P\u00ebr shum\u00eb vite zhvilluesi i zgjedhur nga Rama, \u00ebsht\u00eb p\u00ebrpjekur ta blej\u00eb nd\u00ebrtes\u00ebn dhe truallin nga trash\u00ebgimtar\u00ebt e familjes Kazazi dhe deg\u00ebzim\u00ebt pasardh\u00ebs t\u00eb saj, familjes Kosova, por ka hasur penges\u00ebn e nj\u00eb prej trash\u00ebgimtar\u00ebve i cili nuk ka pranuar ta shes\u00eb pavar\u00ebsisht \u00e7mimit t\u00eb blerjes.<\/p>\n<p>Duke qen\u00eb se kjo penges\u00eb ka qen\u00eb e pakalueshme, Rama dhe Veliaj duket se tani kishin hartuar nj\u00eb plan dinak p\u00ebr t\u00eb realizuar nd\u00ebrtimin, i cili tani mund t\u00eb vihet n\u00eb veprim me shum\u00eb leht\u00ebsi. Ata do ta shpron\u00ebsojn\u00eb me justifikimin e ruajtjes dhe me pretekstin se duhet p\u00ebr muze q\u00eb \u00ebsht\u00eb nj\u00eb interes publik, dhe n\u00eb nj\u00eb hap t\u00eb dyt\u00eb do ta tjet\u00ebrsojn\u00eb pron\u00ebn e b\u00ebr\u00eb publike n\u00eb favor t\u00eb nd\u00ebrtuesit privat. Me gjasa, skema q\u00eb do t\u00eb p\u00ebrdoret \u00ebsht\u00eb ajo q\u00eb Rama dhe Veliaj po p\u00ebrdorin kudo: do ia japin tok\u00ebn publike oligarkut, me marr\u00ebveshje q\u00eb katet e para t\u00eb jen\u00eb muze n\u00eb pron\u00ebsi t\u00eb bashkis\u00eb, nd\u00ebrkoh\u00eb q\u00eb zhvilluesi do t\u00eb g\u00ebzoj\u00eb t\u00eb gjith\u00eb pjes\u00ebn tjet\u00ebr.<\/p>\n<p>Nd\u00ebrtesa 45 kate e lart\u00eb \u00ebsht\u00eb pjes\u00eb e projektit Rama -Veliaj p\u00ebr nd\u00ebrtimin e t\u00eb gjith\u00eb zon\u00ebs nga rruga para Ministris\u00eb s\u00eb Brend\u00ebshme deri tek rruga para godin\u00ebs s\u00eb vjet\u00ebr t\u00eb PD-s\u00eb, pra p\u00ebrball\u00eb qendr\u00ebs Toptani, duke krijuar k\u00ebshtu, s\u00eb bashku me nd\u00ebrtesat ekzistuese Torre Drini, Gjergji Center dhe Eurocol, nj\u00eb bllok t\u00eb dendur nd\u00ebrtesash t\u00eb larta.<\/p>","protected":false},"excerpt":{"rendered":"<p>Kryebashkiaku Erion Veliaj dhe Kryeministri Edi Rama, m\u00eb n\u00eb fund po realizojn\u00eb planin e tyre p\u00ebr nd\u00ebrtimin e kullave, tek trualli i godin\u00ebs s\u00eb Sarajeve. Shpron\u00ebsimi i godin\u00ebs s\u00eb Sarajeve, ka q\u00ebn\u00eb nj\u00eb plan i vendosur nga Veliaj dhe Rama q\u00eb n\u00eb fillim t\u00eb vitit 2020. Ata n\u00ebn preteksin e kthimit t\u00eb godin\u00ebs n\u00eb muze, [&hellip;]<\/p>\n","protected":false},"author":2016,"featured_media":197921,"comment_status":"closed","ping_status":"closed","sticky":false,"template":"","format":"standard","meta":{"footnotes":""},"categories":[241],"tags":[4642],"class_list":{"0":"post-197916","1":"post","2":"type-post","3":"status-publish","4":"format-standard","5":"has-post-thumbnail","7":"category-aktualitet","8":"tag-lajme-zjarr-plani-rama-veliaj-zjarr-tv"},"_links":{"self":[{"href":"https:\/\/zjarr.tv\/en\/wp-json\/wp\/v2\/posts\/197916","targetHints":{"allow":["GET"]}}],"collection":[{"href":"https:\/\/zjarr.tv\/en\/wp-json\/wp\/v2\/posts"}],"about":[{"href":"https:\/\/zjarr.tv\/en\/wp-json\/wp\/v2\/types\/post"}],"author":[{"embeddable":true,"href":"https:\/\/zjarr.tv\/en\/wp-json\/wp\/v2\/users\/2016"}],"replies":[{"embeddable":true,"href":"https:\/\/zjarr.tv\/en\/wp-json\/wp\/v2\/comments?post=197916"}],"version-history":[{"count":0,"href":"https:\/\/zjarr.tv\/en\/wp-json\/wp\/v2\/posts\/197916\/revisions"}],"wp:featuredmedia":[{"embeddable":true,"href":"https:\/\/zjarr.tv\/en\/wp-json\/wp\/v2\/media\/197921"}],"wp:attachment":[{"href":"https:\/\/zjarr.tv\/en\/wp-json\/wp\/v2\/media?parent=197916"}],"wp:term":[{"taxonomy":"category","embeddable":true,"href":"https:\/\/zjarr.tv\/en\/wp-json\/wp\/v2\/categories?post=197916"},{"taxonomy":"post_tag","embeddable":true,"href":"https:\/\/zjarr.tv\/en\/wp-json\/wp\/v2\/tags?post=197916"}],"curies":[{"name":"wp","href":"https:\/\/api.w.org\/{rel}","templated":true}]}}