{"id":198591,"date":"2021-08-21T13:23:35","date_gmt":"2021-08-21T11:23:35","guid":{"rendered":"https:\/\/zjarr.tv\/?p=198591"},"modified":"2021-08-21T13:23:35","modified_gmt":"2021-08-21T11:23:35","slug":"afganet-vjosa-osmani-zbulon-detaje-eshte-vetem-ceshtje-ditesh-po-rrisim-kapacitetet-te-pranojme-sa-me-shume","status":"publish","type":"post","link":"https:\/\/zjarr.tv\/en\/afganet-vjosa-osmani-zbulon-detaje-eshte-vetem-ceshtje-ditesh-po-rrisim-kapacitetet-te-pranojme-sa-me-shume\/","title":{"rendered":"Afgan\u00ebt\/ Vjosa Osmani zbulon detaje: \u00cbsht\u00eb vet\u00ebm \u00e7\u00ebshtje dit\u00ebsh, po rrisim kapacitetet t\u00eb pranojm\u00eb sa m\u00eb shum\u00eb\u2026"},"content":{"rendered":"<p>Kosova \u00ebsht\u00eb e gatshme p\u00ebr pranimin e qytetar\u00ebve q\u00eb do t\u00eb evakuohen nga Afganistani, mir\u00ebpo koha e sakt\u00eb e ardhjes s\u00eb tyre nuk dihet ende. Presidentja e Kosov\u00ebs, Vjosa Osmani, ka th\u00ebn\u00eb n\u00eb nj\u00eb intervist\u00eb p\u00ebr kanalin televiziv britanik, Skynews se autoritetet po presin informacione lidhur me dat\u00ebn e sakt\u00eb t\u00eb arritjes s\u00eb k\u00ebtyre personave n\u00eb Kosov\u00eb.<\/p>\n<p>\u201c\u00cbsht\u00eb vet\u00ebm \u00e7\u00ebshtje dit\u00ebsh. Do t\u00eb varet sigurisht n\u00eb at\u00eb sesi do t\u00eb organizohet transportimi i tyre, sepse procesi organizohet nga Shtetet e Bashkuara. Ne do ta dim\u00eb [koh\u00ebn e ardhjes s\u00eb tyre] ndoshta deri n\u00eb fund t\u00eb k\u00ebsaj jave\u201d, ka deklaruar ajo. Numri i sakt\u00eb i refugjat\u00ebve afgan\u00eb q\u00eb do t\u00eb pranoj\u00eb Kosova ende nuk dihet, por presidentja Osmani ka deklaruar se po punojn\u00eb n\u00eb zgjerimin e kapaciteteve p\u00ebr t\u00eb pranuar sa m\u00eb shum\u00eb prej tyre.<\/p>\n<p>\u201cNe ve\u00e7se jemi gati t\u2019i pranojm\u00eb refugjat\u00ebt e par\u00eb. Tani ne po i rrisim kapacitetet q\u00eb t\u00eb mund t\u00eb pranojm\u00eb m\u00eb shum\u00eb [refugjat\u00eb]. Prandaj nuk mund t\u00eb p\u00ebrmend numrin final [t\u00eb refugjat\u00ebve q\u00eb do t\u00eb vijn\u00eb] derisa t\u00eb p\u00ebrfundoj\u00eb studimi i secilit lokacion q\u00eb mund t\u2019i pranojm\u00eb ata n\u00eb Kosov\u00eb\u201d, ka deklaruar Osmani. Sipas saj, pes\u00eb qytetar\u00eb kosovar\u00eb deri m\u00eb tani jan\u00eb evakuuar nga Afganistani dhe Ministria e Jashtme e Kosov\u00ebs ka v\u00ebn\u00eb n\u00eb dispozicion linja telefonike p\u00ebr qytetar\u00eb tjer\u00eb q\u00eb mund t\u00eb ken\u00eb nevoj\u00eb p\u00ebr evakuim nga atje.<\/p>\n<p>Kosova ka qen\u00eb nd\u00ebr shtetet e para q\u00eb i \u00ebsht\u00eb p\u00ebrgjigjur pozitivisht k\u00ebrkes\u00ebs s\u00eb SHBA-s\u00eb p\u00ebr t\u00eb strehuar afgan\u00ebt, t\u00eb cil\u00ebt kan\u00eb bashk\u00ebpunuar me forcat amerikane, pasi taliban\u00ebt kan\u00eb marr\u00eb kontrollin e Afganistanit. Qeveria e Shteteve t\u00eb Bashkuara, do t\u00eb mbuloj\u00eb t\u00eb gjitha shpenzimet p\u00ebr afgan\u00ebt q\u00eb do t\u00eb strehohen n\u00eb vende t\u00eb ndryshme t\u00eb bot\u00ebs \u2013 p\u00ebrfshir\u00eb edhe n\u00eb Kosov\u00eb \u2013 derisa t\u00eb p\u00ebrfundojn\u00eb procedurat ligjore q\u00eb ata t\u00eb vendosen n\u00eb SHBA.<\/p>\n<p>Nga shtetet e rajonit edhe Shqip\u00ebria dhe Maqedonia e Veriut, jan\u00eb shprehur t\u00eb gatshme q\u00eb t\u00eb strehojn\u00eb afgan\u00ebt q\u00eb kan\u00eb bashk\u00ebpunuar me forcat e SHBA-s\u00eb, t\u00eb NATO-s dhe q\u00eb kan\u00eb punuar p\u00ebr organizata t\u00eb huaja.\/REL<\/p>\n","protected":false},"excerpt":{"rendered":"<p>Kosova \u00ebsht\u00eb e gatshme p\u00ebr pranimin e qytetar\u00ebve q\u00eb do t\u00eb evakuohen nga Afganistani, mir\u00ebpo koha e sakt\u00eb e ardhjes s\u00eb tyre nuk dihet ende. Presidentja e Kosov\u00ebs, Vjosa Osmani, ka th\u00ebn\u00eb n\u00eb nj\u00eb intervist\u00eb p\u00ebr kanalin televiziv britanik, Skynews se autoritetet po presin informacione lidhur me dat\u00ebn e sakt\u00eb t\u00eb arritjes s\u00eb k\u00ebtyre personave [&hellip;]<\/p>\n","protected":false},"author":2016,"featured_media":157561,"comment_status":"closed","ping_status":"closed","sticky":false,"template":"","format":"standard","meta":{"footnotes":""},"categories":[2],"tags":[4621],"class_list":{"0":"post-198591","1":"post","2":"type-post","3":"status-publish","4":"format-standard","5":"has-post-thumbnail","7":"category-rajoni","8":"tag-lajme-zjarr-vjosa-osmani-zjarr-tv"},"_links":{"self":[{"href":"https:\/\/zjarr.tv\/en\/wp-json\/wp\/v2\/posts\/198591","targetHints":{"allow":["GET"]}}],"collection":[{"href":"https:\/\/zjarr.tv\/en\/wp-json\/wp\/v2\/posts"}],"about":[{"href":"https:\/\/zjarr.tv\/en\/wp-json\/wp\/v2\/types\/post"}],"author":[{"embeddable":true,"href":"https:\/\/zjarr.tv\/en\/wp-json\/wp\/v2\/users\/2016"}],"replies":[{"embeddable":true,"href":"https:\/\/zjarr.tv\/en\/wp-json\/wp\/v2\/comments?post=198591"}],"version-history":[{"count":0,"href":"https:\/\/zjarr.tv\/en\/wp-json\/wp\/v2\/posts\/198591\/revisions"}],"wp:featuredmedia":[{"embeddable":true,"href":"https:\/\/zjarr.tv\/en\/wp-json\/wp\/v2\/media\/157561"}],"wp:attachment":[{"href":"https:\/\/zjarr.tv\/en\/wp-json\/wp\/v2\/media?parent=198591"}],"wp:term":[{"taxonomy":"category","embeddable":true,"href":"https:\/\/zjarr.tv\/en\/wp-json\/wp\/v2\/categories?post=198591"},{"taxonomy":"post_tag","embeddable":true,"href":"https:\/\/zjarr.tv\/en\/wp-json\/wp\/v2\/tags?post=198591"}],"curies":[{"name":"wp","href":"https:\/\/api.w.org\/{rel}","templated":true}]}}