{"id":198632,"date":"2021-08-21T16:57:41","date_gmt":"2021-08-21T14:57:41","guid":{"rendered":"https:\/\/zjarr.tv\/?p=198632"},"modified":"2021-08-21T16:57:41","modified_gmt":"2021-08-21T14:57:41","slug":"trasparence-deri-ne-fund-per-afganet-po-sakrifikojne-shqiptaret-e-jo-rama","status":"publish","type":"post","link":"https:\/\/zjarr.tv\/en\/trasparence-deri-ne-fund-per-afganet-po-sakrifikojne-shqiptaret-e-jo-rama\/","title":{"rendered":"Trasparenc\u00eb deri n\u00eb fund p\u00ebr afgan\u00ebt, po sakrifikojn\u00eb shqiptar\u00ebt e jo Rama!"},"content":{"rendered":"<p><strong>Nga Petrit Vasili.<\/strong><\/p>\n<p>Askush sot nuk ka dilema lidhur me keqardhjen p\u00ebr at\u00eb q\u00eb po ndodh n\u00eb Afganistan. N\u00eb Afganistan e keqja talibane precipitoi rrufesh\u00ebm dhe gjith\u00e7ka peshon n\u00eb kurriz t\u00eb mbi 33 milion\u00eb afgan\u00ebve t\u00eb mb\u00ebrthyer n\u00ebn nj\u00eb regjim obskurantist dhe tep\u00ebr t\u00eb eg\u00ebr.<\/p>\n<p>Tashm\u00eb preokupimi nd\u00ebrkomb\u00ebtar p\u00ebr \u00e7far\u00eb ndodhi \u00ebsht\u00eb i duksh\u00ebm e bashk\u00eb me t\u00eb edhe q\u00ebndrimi i \u00e7do shteti lidhur me problemet humanitare q\u00eb kan\u00eb t\u00eb b\u00ebjn\u00eb me evakuimin e disa mij\u00ebra afgan\u00ebve.<\/p>\n<p>\u00c7do shtet europian ka adaptuar qendrimet e tij dhe secili shtet ka b\u00ebr\u00eb t\u00eb qart\u00eb hapur dhe publikisht se \u00e7far\u00eb do t\u00eb b\u00ebj\u00eb, sa afgan\u00eb do t\u00eb marr\u00eb, si mbulohen shpenzimet p\u00ebr ta, ku do te vendosen si dhe t\u00eb ardhmen e tyre n\u00eb secilin vend.<\/p>\n<p>Edi Rama \u00ebsht\u00eb i vetmi kryeminist\u00ebr q\u00eb deri m\u00eb tani b\u00ebn vet\u00ebm monologje t\u00eb lobuara propagandistike me zero trasparenc\u00eb p\u00ebr problemet me afgan\u00ebt.<\/p>\n<p>Shqip\u00ebria nuk \u00ebsht\u00eb dhe nuk do t\u00eb jet\u00eb kurr\u00eb pron\u00eb e Edi Ram\u00ebs dhe nuk mund t\u00eb jet\u00eb pre e abuzimit t\u00eb tij politik p\u00ebr hallet e tij politike t\u00eb dit\u00ebs.<\/p>\n<p>Sot numri i afgan\u00ebve q\u00eb do t\u00eb vijn\u00eb n\u00eb Shqip\u00ebri, gjithmon\u00eb sipas mediave, sepse trasparenca qeveritare \u00ebsht\u00eb zero, l\u00ebviz nga disa qindra, n\u00eb mij\u00ebra e deri n\u00eb dhjet\u00ebra mij\u00ebra.<\/p>\n<p>Trasparenca ndaj shqiptar\u00ebve \u00ebsht\u00eb detyrim absolut dhe i pakap\u00ebrcyesh\u00ebm p\u00ebr Ram\u00ebn, sepse p\u00ebrgjegj\u00ebsit\u00eb p\u00ebr mbajtjen e tyre jan\u00eb n\u00eb kurriz t\u00eb tyre nga \u00e7do pik\u00ebpamje qoft\u00eb sa i takon siguris\u00eb, ashtu edhe implikimeve sociale dhe ekonomike.<\/p>\n<p>Shqiptar\u00ebt vet p\u00ebrballen me mungesa tragjike, q\u00eb i b\u00ebjn\u00eb t\u00eb largohen me mij\u00ebra nga Shqip\u00ebria sepse qeverisja nuk ofron asgj\u00eb p\u00ebr ta dhe familjet e tyre, mendo m\u00eb tej p\u00ebr afgan\u00ebt&#8230;!<\/p>\n<p>Edi Rama duket qart\u00eb q\u00eb ka frike nga trasparenca ndaj krijon zhurma propagandistike me monologje mediatike dhe deklarata t\u00eb amplifikuara mediatikisht.<\/p>\n<p>Mungesa e trasparenc\u00ebs fsheh vet\u00ebm q\u00ebllime t\u00eb errta t\u00eb interesit personal politik te Rames dhe nuk ka aspak te beje as me besen dhe as me solidaritetin e shqiptareve.<\/p>\n<p>Nuk kane pritur shqiptaret Ramen per te treguar veten. Mjafton ajo qe shqiptaret bene per vellezerit nga Kosova dhe qe mbetet nje shembull boteror sakrifice dhe humanizmi te pashoq.<\/p>\n<p>P\u00ebr k\u00ebrkimin e k\u00ebsaj trasparence nuk do t\u00eb\u00a0ket\u00eb\u00a0asnj\u00eb\u00a0l\u00ebshim sot e n\u00eb\u00a0vazhdim. Edi Rama ka t\u00eb\u00a0drejt\u00eb\u00a0t\u00eb\u00a0mos b\u00ebj\u00eb\u00a0trasparenc\u00eb\u00a0p\u00ebr pun\u00ebt e sht\u00ebpis\u00eb\u00a0dhe t\u00eb\u00a0familjes s\u00eb\u00a0tij, por jo t\u00eb\u00a0Shqip\u00ebris\u00eb\u00a0dhe shqiptareve, qe nuk kane qene dhe s&#8217;do jene kurre prona e tij.<\/p>\n<p>Trasparence deri ne fund dhe pa asnje leshim lidhur me ardhjen e afganeve ne Shqiperi.<\/p>\n<p>Solidaritet me afganet po, manipulime per qellime pushteti te Edi Rames jo. Sakrificen e shqiptareve nuk mund ta pervetesoje dhe manipuloje dot kurre Edi Rama. Po sakrifikojne shqiptaret dhe jo Edi Rama!<\/p>","protected":false},"excerpt":{"rendered":"<p>Nga Petrit Vasili. Askush sot nuk ka dilema lidhur me keqardhjen p\u00ebr at\u00eb q\u00eb po ndodh n\u00eb Afganistan. N\u00eb Afganistan e keqja talibane precipitoi rrufesh\u00ebm dhe gjith\u00e7ka peshon n\u00eb kurriz t\u00eb mbi 33 milion\u00eb afgan\u00ebve t\u00eb mb\u00ebrthyer n\u00ebn nj\u00eb regjim obskurantist dhe tep\u00ebr t\u00eb eg\u00ebr. Tashm\u00eb preokupimi nd\u00ebrkomb\u00ebtar p\u00ebr \u00e7far\u00eb ndodhi \u00ebsht\u00eb i duksh\u00ebm e [&hellip;]<\/p>\n","protected":false},"author":2030,"featured_media":198633,"comment_status":"closed","ping_status":"closed","sticky":false,"template":"","format":"standard","meta":{"footnotes":""},"categories":[241,3366,1454],"tags":[],"class_list":{"0":"post-198632","1":"post","2":"type-post","3":"status-publish","4":"format-standard","5":"has-post-thumbnail","7":"category-aktualitet","8":"category-koment","9":"category-politike"},"_links":{"self":[{"href":"https:\/\/zjarr.tv\/en\/wp-json\/wp\/v2\/posts\/198632","targetHints":{"allow":["GET"]}}],"collection":[{"href":"https:\/\/zjarr.tv\/en\/wp-json\/wp\/v2\/posts"}],"about":[{"href":"https:\/\/zjarr.tv\/en\/wp-json\/wp\/v2\/types\/post"}],"author":[{"embeddable":true,"href":"https:\/\/zjarr.tv\/en\/wp-json\/wp\/v2\/users\/2030"}],"replies":[{"embeddable":true,"href":"https:\/\/zjarr.tv\/en\/wp-json\/wp\/v2\/comments?post=198632"}],"version-history":[{"count":0,"href":"https:\/\/zjarr.tv\/en\/wp-json\/wp\/v2\/posts\/198632\/revisions"}],"wp:featuredmedia":[{"embeddable":true,"href":"https:\/\/zjarr.tv\/en\/wp-json\/wp\/v2\/media\/198633"}],"wp:attachment":[{"href":"https:\/\/zjarr.tv\/en\/wp-json\/wp\/v2\/media?parent=198632"}],"wp:term":[{"taxonomy":"category","embeddable":true,"href":"https:\/\/zjarr.tv\/en\/wp-json\/wp\/v2\/categories?post=198632"},{"taxonomy":"post_tag","embeddable":true,"href":"https:\/\/zjarr.tv\/en\/wp-json\/wp\/v2\/tags?post=198632"}],"curies":[{"name":"wp","href":"https:\/\/api.w.org\/{rel}","templated":true}]}}