{"id":199524,"date":"2021-08-27T15:00:21","date_gmt":"2021-08-27T13:00:21","guid":{"rendered":"https:\/\/zjarr.tv\/?p=199524"},"modified":"2021-08-27T15:00:21","modified_gmt":"2021-08-27T13:00:21","slug":"mberritja-e-121-afganeve-reagon-erion-veliaj-ne-ishim-afganet-dikur-tani-eshte-radha-jone-per-te-kontribuar","status":"publish","type":"post","link":"https:\/\/zjarr.tv\/en\/mberritja-e-121-afganeve-reagon-erion-veliaj-ne-ishim-afganet-dikur-tani-eshte-radha-jone-per-te-kontribuar\/","title":{"rendered":"Mb\u00ebrritja e 121 afgan\u00ebve\/ Reagon Erion Veliaj: Ne ishim afgan\u00ebt dikur, tani \u00ebsht\u00eb radha jon\u00eb p\u00ebr t\u00eb kontribuar\u2026"},"content":{"rendered":"<p>Kryetari i Bashkis\u00eb s\u00eb Tiran\u00ebs, Erion Veliaj, ka reaguar n\u00ebp\u00ebrmjet nj\u00eb statusi n\u00eb rrjetet sociale, pas mb\u00ebrritjes s\u00eb 121 afgan\u00ebve t\u00eb pare, n\u00eb Rinas.<\/p>\n<p>Veliaj shkruan se; dikur ne ishim si \u201cafgan\u00ebt\u201d dhe tani \u00ebsht\u00eb radha jon\u00eb p\u00ebr t\u2019i ndihmuar ata n\u00eb k\u00ebt\u00eb periudh\u00eb t\u00eb v\u00ebshtir\u00eb.<\/p>\n<p>\u201c<em>Aeroporti \u201cN\u00ebn\u00eb Tereza\u201d ka mir\u00ebpritur fluturimin e par\u00eb t\u00eb refugjat\u00ebve afgan\u00eb nga Kabuli! Ne ishim \u2018afgan\u00ebt\u2019 dikur dhe e dim\u00eb shum\u00eb mir\u00eb se \u00e7far\u00eb do t\u00eb thot\u00eb t\u00eb largohesh nga sht\u00ebpia dhe t\u00eb fillosh nga e para. Radha jon\u00eb p\u00ebr t\u00eb kontribuar tani! #Refugjat\u00eb Mir\u00eb se vini\u201d,<\/em>\u00a0shkruan Veliaj n\u00eb Twitter.<\/p>","protected":false},"excerpt":{"rendered":"<p>Kryetari i Bashkis\u00eb s\u00eb Tiran\u00ebs, Erion Veliaj, ka reaguar n\u00ebp\u00ebrmjet nj\u00eb statusi n\u00eb rrjetet sociale, pas mb\u00ebrritjes s\u00eb 121 afgan\u00ebve t\u00eb pare, n\u00eb Rinas. Veliaj shkruan se; dikur ne ishim si \u201cafgan\u00ebt\u201d dhe tani \u00ebsht\u00eb radha jon\u00eb p\u00ebr t\u2019i ndihmuar ata n\u00eb k\u00ebt\u00eb periudh\u00eb t\u00eb v\u00ebshtir\u00eb. \u201cAeroporti \u201cN\u00ebn\u00eb Tereza\u201d ka mir\u00ebpritur fluturimin e par\u00eb t\u00eb [&hellip;]<\/p>\n","protected":false},"author":2016,"featured_media":198039,"comment_status":"closed","ping_status":"closed","sticky":false,"template":"","format":"standard","meta":{"footnotes":""},"categories":[241],"tags":[4812],"class_list":{"0":"post-199524","1":"post","2":"type-post","3":"status-publish","4":"format-standard","5":"has-post-thumbnail","7":"category-aktualitet","8":"tag-lajme-zjarr-reagon-erion-veliaj-zjarr-tv"},"_links":{"self":[{"href":"https:\/\/zjarr.tv\/en\/wp-json\/wp\/v2\/posts\/199524","targetHints":{"allow":["GET"]}}],"collection":[{"href":"https:\/\/zjarr.tv\/en\/wp-json\/wp\/v2\/posts"}],"about":[{"href":"https:\/\/zjarr.tv\/en\/wp-json\/wp\/v2\/types\/post"}],"author":[{"embeddable":true,"href":"https:\/\/zjarr.tv\/en\/wp-json\/wp\/v2\/users\/2016"}],"replies":[{"embeddable":true,"href":"https:\/\/zjarr.tv\/en\/wp-json\/wp\/v2\/comments?post=199524"}],"version-history":[{"count":0,"href":"https:\/\/zjarr.tv\/en\/wp-json\/wp\/v2\/posts\/199524\/revisions"}],"wp:featuredmedia":[{"embeddable":true,"href":"https:\/\/zjarr.tv\/en\/wp-json\/wp\/v2\/media\/198039"}],"wp:attachment":[{"href":"https:\/\/zjarr.tv\/en\/wp-json\/wp\/v2\/media?parent=199524"}],"wp:term":[{"taxonomy":"category","embeddable":true,"href":"https:\/\/zjarr.tv\/en\/wp-json\/wp\/v2\/categories?post=199524"},{"taxonomy":"post_tag","embeddable":true,"href":"https:\/\/zjarr.tv\/en\/wp-json\/wp\/v2\/tags?post=199524"}],"curies":[{"name":"wp","href":"https:\/\/api.w.org\/{rel}","templated":true}]}}