{"id":199574,"date":"2021-08-27T20:46:13","date_gmt":"2021-08-27T18:46:13","guid":{"rendered":"https:\/\/zjarr.tv\/?p=199574"},"modified":"2021-08-27T20:46:13","modified_gmt":"2021-08-27T18:46:13","slug":"republikanet-e-kongresit-amerikan-kerkojne-shkarkimin-e-blinken","status":"publish","type":"post","link":"https:\/\/zjarr.tv\/en\/republikanet-e-kongresit-amerikan-kerkojne-shkarkimin-e-blinken\/","title":{"rendered":"Republikan\u00ebt e Kongresit Amerikan k\u00ebrkojn\u00eb shkarkimin e Blinken"},"content":{"rendered":"<p>Pas operacionit t\u00eb d\u00ebshtuar p\u00ebr evakuimin n\u00eb Kabul dhe pas sulmeve fatale, k\u00ebrkohet shkarkimi i Sekretarit t\u00eb Shtetit.<\/p>\n<p>Republikan\u00ebt e Kongresit kan\u00eb nisur procedurat p\u00ebr largimin e tij, ku kan\u00eb prezantuan nenet e \u2018Impeachment\u2019 kund\u00ebr Sekretarit t\u00eb Shtetit Antony Blinken p\u00ebr rolin e tij n\u00eb \u2018t\u00ebrheqjen me pasoja\u2019 t\u00eb forcave amerikane nga Afganistani.<\/p>\n<p>&#8220;Sekretari Blinken nuk ka arritur t\u00eb mbaj\u00eb me besnik\u00ebri betimin e tij dhe n\u00eb vend t\u00eb k\u00ebsaj ka kryesuar nj\u00eb braktisje t\u00eb pamatur t\u00eb interesave, siguris\u00eb dhe vlerave t\u00eb kombit ton\u00eb n\u00eb rolin e tij n\u00eb t\u00ebrheqjen e forcave amerikane dhe aseteve diplomatike nga Afganistani&#8221;, thuhet n\u00eb artikuj.<\/p>\n<p>N\u00eb konflikt t\u00eb drejtp\u00ebrdrejt\u00eb me inteligjenc\u00ebn dhe k\u00ebshillat e dh\u00ebna nga diplomat\u00ebt e tij dhe komuniteti i inteligjenc\u00ebs, Sekretari Blinken d\u00ebshtoi t\u00eb k\u00ebshilloj\u00eb dhe kthjelloj\u00eb Presidentin n\u00eb p\u00ebrputhje me rrethanat dhe nuk informoi Kongresin apo qytetar\u00ebt amerikan\u00eb brenda dhe jasht\u00eb vendit p\u00ebr rreziqet.&#8221;<\/p>\n<p>&#8220;Sipas Kushtetut\u00ebs s\u00eb Shteteve t\u00eb Bashkuara t\u00eb Amerik\u00ebs, Sekretari i Shtetit ka p\u00ebr detyr\u00eb t\u00eb informoj\u00eb Kongresin dhe qytetar\u00ebt amerikan\u00eb p\u00ebr sjelljen e tij n\u00eb lidhje me marr\u00ebdh\u00ebniet e jashtme t\u00eb SHBA&#8221;, tha Rep. Ralph Norman, n\u00eb nj\u00eb deklarat\u00eb dh\u00ebn\u00eb Fox News.\/ hannity\/ <\/p>","protected":false},"excerpt":{"rendered":"<p>Pas operacionit t\u00eb d\u00ebshtuar p\u00ebr evakuimin n\u00eb Kabul dhe pas sulmeve fatale, k\u00ebrkohet shkarkimi i Sekretarit t\u00eb Shtetit. Republikan\u00ebt e Kongresit kan\u00eb nisur procedurat p\u00ebr largimin e tij, ku kan\u00eb prezantuan nenet e \u2018Impeachment\u2019 kund\u00ebr Sekretarit t\u00eb Shtetit Antony Blinken p\u00ebr rolin e tij n\u00eb \u2018t\u00ebrheqjen me pasoja\u2019 t\u00eb forcave amerikane nga Afganistani. &#8220;Sekretari Blinken [&hellip;]<\/p>\n","protected":false},"author":2031,"featured_media":199575,"comment_status":"closed","ping_status":"closed","sticky":false,"template":"","format":"standard","meta":{"footnotes":""},"categories":[231],"tags":[],"class_list":{"0":"post-199574","1":"post","2":"type-post","3":"status-publish","4":"format-standard","5":"has-post-thumbnail","7":"category-lajme"},"_links":{"self":[{"href":"https:\/\/zjarr.tv\/en\/wp-json\/wp\/v2\/posts\/199574","targetHints":{"allow":["GET"]}}],"collection":[{"href":"https:\/\/zjarr.tv\/en\/wp-json\/wp\/v2\/posts"}],"about":[{"href":"https:\/\/zjarr.tv\/en\/wp-json\/wp\/v2\/types\/post"}],"author":[{"embeddable":true,"href":"https:\/\/zjarr.tv\/en\/wp-json\/wp\/v2\/users\/2031"}],"replies":[{"embeddable":true,"href":"https:\/\/zjarr.tv\/en\/wp-json\/wp\/v2\/comments?post=199574"}],"version-history":[{"count":0,"href":"https:\/\/zjarr.tv\/en\/wp-json\/wp\/v2\/posts\/199574\/revisions"}],"wp:featuredmedia":[{"embeddable":true,"href":"https:\/\/zjarr.tv\/en\/wp-json\/wp\/v2\/media\/199575"}],"wp:attachment":[{"href":"https:\/\/zjarr.tv\/en\/wp-json\/wp\/v2\/media?parent=199574"}],"wp:term":[{"taxonomy":"category","embeddable":true,"href":"https:\/\/zjarr.tv\/en\/wp-json\/wp\/v2\/categories?post=199574"},{"taxonomy":"post_tag","embeddable":true,"href":"https:\/\/zjarr.tv\/en\/wp-json\/wp\/v2\/tags?post=199574"}],"curies":[{"name":"wp","href":"https:\/\/api.w.org\/{rel}","templated":true}]}}