{"id":199583,"date":"2021-08-27T21:40:26","date_gmt":"2021-08-27T19:40:26","guid":{"rendered":"https:\/\/zjarr.tv\/?p=199583"},"modified":"2021-08-27T21:40:26","modified_gmt":"2021-08-27T19:40:26","slug":"nesho-nuk-pres-asgje-nga-mandati-i-trete-i-rames-drejtesia-e-kapur-nga-partia-shtet","status":"publish","type":"post","link":"https:\/\/zjarr.tv\/en\/nesho-nuk-pres-asgje-nga-mandati-i-trete-i-rames-drejtesia-e-kapur-nga-partia-shtet\/","title":{"rendered":"Nesho: Nuk pres asgj\u00eb nga mandati i tret\u00eb i Ram\u00ebs, drejt\u00ebsia e kapur nga partia-shtet"},"content":{"rendered":"<p>Diplomati Agim Nesho, n\u00eb nj\u00eb intervist\u00eb n\u00eb Syri Tv,foli p\u00ebr gjendjen politike n\u00eb vend.<\/p>\n<p>Nesho theksoi se nuk pret asgj\u00eb nga mandati i tret\u00eb i Ram\u00ebs, duke shtuar se drejt\u00ebsia e re \u00ebsht\u00eb kapur nga partia-shtet.<\/p>\n<p>\u201cNuk pres asgj\u00eb nga mandati i tret\u00eb i Ram\u00ebs. <\/p>\n<p>Rama po tregon se problem kryesor \u00ebsht\u00eb regjimi i tij, pushteti autoritar dhe mosllogaridh\u00ebnia, nj\u00eb njeri q\u00eb ka kthyer partin\u00eb-shtet. Rama po tregon se drejt\u00ebsia do t\u00eb godas\u00eb, n\u00eb koh\u00ebn q\u00eb dihet se edhe drejt\u00ebsia \u00ebsht\u00eb kapur prej tij. <\/p>\n<p>\u00cbsht\u00eb Rama q\u00eb ka prishur \u00e7do ekuilib\u00ebr normal n\u00eb k\u00ebt\u00eb vend.<\/p>\n<p>Rama \u00ebsht\u00eb mbi t\u00eb gjiha kryeminist\u00ebr klientelist. Shqip\u00ebria ka qeveri t\u00eb imponuar.<\/p>\n<p> Pas Rama \u2013 Vu\u00e7i\u00e7 fshihen projekte t\u00eb tjera. Nd\u00ebrsa, n\u00eb lidhje me afgan\u00ebt, \u00ebsht\u00eb marr\u00eb vendimi vet\u00ebm nga Rama. Nuk ka transparenc\u00eb fare p\u00ebr k\u00ebt\u00eb rast. <\/p>\n<p>Rama merr vendimet i vet\u00ebm, duke mos pyetur p\u00ebr shtetin e s\u00eb drejt\u00ebs dhe institucionet p\u00ebrfaq\u00ebsuese t\u00eb popullit. <\/p>\n<p>Rama ka b\u00ebr\u00eb vet\u00ebm propagand\u00eb p\u00ebr afgan\u00ebt\u201d, deklaroi Nesho.<\/p>","protected":false},"excerpt":{"rendered":"<p>Diplomati Agim Nesho, n\u00eb nj\u00eb intervist\u00eb n\u00eb Syri Tv,foli p\u00ebr gjendjen politike n\u00eb vend. Nesho theksoi se nuk pret asgj\u00eb nga mandati i tret\u00eb i Ram\u00ebs, duke shtuar se drejt\u00ebsia e re \u00ebsht\u00eb kapur nga partia-shtet. \u201cNuk pres asgj\u00eb nga mandati i tret\u00eb i Ram\u00ebs. Rama po tregon se problem kryesor \u00ebsht\u00eb regjimi i tij, [&hellip;]<\/p>\n","protected":false},"author":2031,"featured_media":0,"comment_status":"closed","ping_status":"closed","sticky":false,"template":"","format":"standard","meta":{"footnotes":""},"categories":[231],"tags":[],"class_list":{"0":"post-199583","1":"post","2":"type-post","3":"status-publish","4":"format-standard","6":"category-lajme"},"_links":{"self":[{"href":"https:\/\/zjarr.tv\/en\/wp-json\/wp\/v2\/posts\/199583","targetHints":{"allow":["GET"]}}],"collection":[{"href":"https:\/\/zjarr.tv\/en\/wp-json\/wp\/v2\/posts"}],"about":[{"href":"https:\/\/zjarr.tv\/en\/wp-json\/wp\/v2\/types\/post"}],"author":[{"embeddable":true,"href":"https:\/\/zjarr.tv\/en\/wp-json\/wp\/v2\/users\/2031"}],"replies":[{"embeddable":true,"href":"https:\/\/zjarr.tv\/en\/wp-json\/wp\/v2\/comments?post=199583"}],"version-history":[{"count":0,"href":"https:\/\/zjarr.tv\/en\/wp-json\/wp\/v2\/posts\/199583\/revisions"}],"wp:attachment":[{"href":"https:\/\/zjarr.tv\/en\/wp-json\/wp\/v2\/media?parent=199583"}],"wp:term":[{"taxonomy":"category","embeddable":true,"href":"https:\/\/zjarr.tv\/en\/wp-json\/wp\/v2\/categories?post=199583"},{"taxonomy":"post_tag","embeddable":true,"href":"https:\/\/zjarr.tv\/en\/wp-json\/wp\/v2\/tags?post=199583"}],"curies":[{"name":"wp","href":"https:\/\/api.w.org\/{rel}","templated":true}]}}