{"id":200510,"date":"2021-09-04T10:55:29","date_gmt":"2021-09-04T08:55:29","guid":{"rendered":"https:\/\/zjarr.tv\/?p=200510"},"modified":"2021-09-04T10:55:29","modified_gmt":"2021-09-04T08:55:29","slug":"presidenti-meta-merr-ne-dore-shkresen-e-damian-gjiknurit-edi-rama-te-jete-kryeminister-i-shqiperise","status":"publish","type":"post","link":"https:\/\/zjarr.tv\/en\/presidenti-meta-merr-ne-dore-shkresen-e-damian-gjiknurit-edi-rama-te-jete-kryeminister-i-shqiperise\/","title":{"rendered":"Presidenti Meta merr n\u00eb dor\u00eb shkres\u00ebn e Damian Gjiknurit: Edi Rama t\u00eb jet\u00eb Kryeminist\u00ebr i Shqip\u00ebris\u00eb\u2026"},"content":{"rendered":"<p>Presidenti Ilir Meta, ka tashm\u00eb n\u00eb dor\u00eb shkres\u00ebn e Sekretarit t\u00eb P\u00ebrgjithsh\u00ebm t\u00eb PS, Damian Gjiknuri, i cili k\u00ebrkon q\u00eb Edi Rama t\u00eb dekretohet si kryeminist\u00ebr i Shqip\u00ebris\u00eb, i propozuar nga Partia Socialiste.<\/p>\n<p>Duke qen\u00eb se kjo forc\u00eb politike, arriti t\u00eb fitonte zgjedhjet e 25 prillit, ka t\u00eb drejt\u00ebn dhe t\u00eb d\u00ebrgoj\u00eb n\u00eb Presidenc\u00eb emrin e Kryeministrit, shkruan newsbomb. Paraditen e sotme, b\u00ebhet me dije se shkresa e Damian Gjiknurit, ka mb\u00ebrritur n\u00eb tryez\u00ebn e Ilir Met\u00ebs.<\/p>\n<p>Sipas rregullores, Sekretari i P\u00ebrgjithsh\u00ebm i partis\u00eb q\u00eb fiton zgjedhjet \u00e7on n\u00eb Presidenc\u00eb emrin e mandatarit p\u00ebr kryeminist\u00ebr, fizikisht ose n\u00eb m\u00ebnyr\u00eb elektronike. Nuk dihet n\u00ebse vet\u00eb Gjiknuri n\u00eb k\u00ebt\u00eb rast, ka shkuar fizikisht te Meta apo e ka p\u00ebrcejll\u00eb shkr\u00ebs\u00ebn n\u00eb rrug\u00eb t\u00eb tjera.<\/p>\n<p>Shkresa vjen dy dit\u00eb pasi Edi Rama prezantoi Qeverin\u00eb e re, e cila do t\u00eb drejtoj\u00eb vendin dhe p\u00ebr 4 vite t\u00eb tjera.<\/p>\n<p>Po ashtu, pritet t\u00eb shihet se \u00e7far\u00eb q\u00ebndrimi do t\u00eb mbaj\u00eb Ilir Meta n\u00eb k\u00ebt\u00eb rast, pasi para, gjat\u00eb dhe pas zgjedhjeve ka pasur p\u00ebrplasje t\u00eb forta n\u00eb distanc\u00eb mes tij dhe mazhoranc\u00ebs, shkruan newsbomb.al. Madje, socialist\u00ebt votuan p\u00ebr her\u00eb t\u00eb par\u00eb n\u00eb histori, shkarkimin e tij si President i Republik\u00ebs.<\/p>","protected":false},"excerpt":{"rendered":"<p>Presidenti Ilir Meta, ka tashm\u00eb n\u00eb dor\u00eb shkres\u00ebn e Sekretarit t\u00eb P\u00ebrgjithsh\u00ebm t\u00eb PS, Damian Gjiknuri, i cili k\u00ebrkon q\u00eb Edi Rama t\u00eb dekretohet si kryeminist\u00ebr i Shqip\u00ebris\u00eb, i propozuar nga Partia Socialiste. Duke qen\u00eb se kjo forc\u00eb politike, arriti t\u00eb fitonte zgjedhjet e 25 prillit, ka t\u00eb drejt\u00ebn dhe t\u00eb d\u00ebrgoj\u00eb n\u00eb Presidenc\u00eb emrin [&hellip;]<\/p>\n","protected":false},"author":2016,"featured_media":89751,"comment_status":"closed","ping_status":"closed","sticky":false,"template":"","format":"standard","meta":{"footnotes":""},"categories":[241,1454],"tags":[3305],"class_list":{"0":"post-200510","1":"post","2":"type-post","3":"status-publish","4":"format-standard","5":"has-post-thumbnail","7":"category-aktualitet","8":"category-politike","9":"tag-lajme-zjarr-presidenti-meta-zjarr-tv"},"_links":{"self":[{"href":"https:\/\/zjarr.tv\/en\/wp-json\/wp\/v2\/posts\/200510","targetHints":{"allow":["GET"]}}],"collection":[{"href":"https:\/\/zjarr.tv\/en\/wp-json\/wp\/v2\/posts"}],"about":[{"href":"https:\/\/zjarr.tv\/en\/wp-json\/wp\/v2\/types\/post"}],"author":[{"embeddable":true,"href":"https:\/\/zjarr.tv\/en\/wp-json\/wp\/v2\/users\/2016"}],"replies":[{"embeddable":true,"href":"https:\/\/zjarr.tv\/en\/wp-json\/wp\/v2\/comments?post=200510"}],"version-history":[{"count":0,"href":"https:\/\/zjarr.tv\/en\/wp-json\/wp\/v2\/posts\/200510\/revisions"}],"wp:featuredmedia":[{"embeddable":true,"href":"https:\/\/zjarr.tv\/en\/wp-json\/wp\/v2\/media\/89751"}],"wp:attachment":[{"href":"https:\/\/zjarr.tv\/en\/wp-json\/wp\/v2\/media?parent=200510"}],"wp:term":[{"taxonomy":"category","embeddable":true,"href":"https:\/\/zjarr.tv\/en\/wp-json\/wp\/v2\/categories?post=200510"},{"taxonomy":"post_tag","embeddable":true,"href":"https:\/\/zjarr.tv\/en\/wp-json\/wp\/v2\/tags?post=200510"}],"curies":[{"name":"wp","href":"https:\/\/api.w.org\/{rel}","templated":true}]}}