{"id":200554,"date":"2021-09-04T14:09:31","date_gmt":"2021-09-04T12:09:31","guid":{"rendered":"https:\/\/zjarr.tv\/?p=200554"},"modified":"2021-09-04T14:09:31","modified_gmt":"2021-09-04T12:09:31","slug":"strehimi-i-grave-afgane-ne-shqiperi-hillary-clinton-telefonon-edi-ramen","status":"publish","type":"post","link":"https:\/\/zjarr.tv\/en\/strehimi-i-grave-afgane-ne-shqiperi-hillary-clinton-telefonon-edi-ramen\/","title":{"rendered":"Strehimi i grave afgane n\u00eb Shqip\u00ebri, Hillary Clinton telefonon Edi Ram\u00ebn"},"content":{"rendered":"<p>Kryeministri Edi Rama ka zhvilluar nj\u00eb bised\u00eb telefonike sot me Hillary Clinton bashk\u00ebshortja e ish presidentit amerikan Bill Clinton.<\/p>\n<p>Gazetari Muhamed Veliu nga nj\u00eb burim ka m\u00ebsuar se Clinton ka falenderuar Ram\u00ebn p\u00ebr strehimin e disa grave afgane.<\/p>\n<p>\u201cZonja Clinton p\u00ebrmes k\u00ebsaj telefonate ka falenderuar kryeministrin Edi Rama p\u00ebr gatishm\u00ebrin\u00eb dhe kujdesin e treguar n\u00eb sjelljen n\u00eb Shqip\u00ebri dy dit\u00eb m\u00eb par\u00eb t\u00eb 37 grave dhe vajzave afgane aktiviste t\u00eb shoq\u00ebris\u00eb civile, mes tyre edhe ish gazetarja e Tolo TV Behishta Arghand\u201d, u shreh ky burim.<\/p>\n<p>Kujtojm\u00eb q\u00eb dit\u00ebn e djeshme media arabe \u201cAl Arabiya\u201d shkruante se 37 gra afgane u ndihmuan nga nj\u00eb OJQ e themeluar nga Hillary Clinton p\u00ebr t\u2019u evakuuar n\u00eb Shqip\u00ebri.<\/p>\n<p>Avioni me 37 gra aktiviste dhe t\u00eb af\u00ebrmit e tyre meshkuj u ul n\u00eb or\u00ebt e para t\u00eb m\u00ebngjesit t\u00eb s\u00eb enjtes. Fluturimi privat u caktua nga Vital Voices, tha zyrtari, nj\u00eb OJQ e themeluar nga Hillary Clinton dhe Madeleine Albright, e cika ka si q\u00ebllim fuqizimin e grave.<\/p>\n<p>Ka qen\u00eb edhe vet\u00eb Rama q\u00eb n\u00eb disa intervista t\u00eb dh\u00ebna \u00ebsht\u00eb shprehur se organizata t\u00eb ndryshme i kan\u00eb k\u00ebrkuar Shqip\u00ebris\u00eb q\u00eb t\u00eb stregoj\u00eb afgan\u00ebt. Deri m\u00eb tani n\u00eb Shqip\u00ebri kan\u00eb mb\u00ebrritur 644 qytetar\u00eb afgan\u00eb t\u00eb cil\u00ebt kan\u00eb punuar n\u00eb t\u00eb shkuar\u00ebn p\u00ebr disa organizata nd\u00ebrkomb\u00ebtare si US AID, p\u00ebrfshi gazetar\u00eb.<\/p>","protected":false},"excerpt":{"rendered":"<p>Kryeministri Edi Rama ka zhvilluar nj\u00eb bised\u00eb telefonike sot me Hillary Clinton bashk\u00ebshortja e ish presidentit amerikan Bill Clinton. Gazetari Muhamed Veliu nga nj\u00eb burim ka m\u00ebsuar se Clinton ka falenderuar Ram\u00ebn p\u00ebr strehimin e disa grave afgane. \u201cZonja Clinton p\u00ebrmes k\u00ebsaj telefonate ka falenderuar kryeministrin Edi Rama p\u00ebr gatishm\u00ebrin\u00eb dhe kujdesin e treguar n\u00eb [&hellip;]<\/p>\n","protected":false},"author":2030,"featured_media":200555,"comment_status":"closed","ping_status":"closed","sticky":false,"template":"","format":"standard","meta":{"footnotes":""},"categories":[241,1454],"tags":[],"class_list":{"0":"post-200554","1":"post","2":"type-post","3":"status-publish","4":"format-standard","5":"has-post-thumbnail","7":"category-aktualitet","8":"category-politike"},"_links":{"self":[{"href":"https:\/\/zjarr.tv\/en\/wp-json\/wp\/v2\/posts\/200554","targetHints":{"allow":["GET"]}}],"collection":[{"href":"https:\/\/zjarr.tv\/en\/wp-json\/wp\/v2\/posts"}],"about":[{"href":"https:\/\/zjarr.tv\/en\/wp-json\/wp\/v2\/types\/post"}],"author":[{"embeddable":true,"href":"https:\/\/zjarr.tv\/en\/wp-json\/wp\/v2\/users\/2030"}],"replies":[{"embeddable":true,"href":"https:\/\/zjarr.tv\/en\/wp-json\/wp\/v2\/comments?post=200554"}],"version-history":[{"count":0,"href":"https:\/\/zjarr.tv\/en\/wp-json\/wp\/v2\/posts\/200554\/revisions"}],"wp:featuredmedia":[{"embeddable":true,"href":"https:\/\/zjarr.tv\/en\/wp-json\/wp\/v2\/media\/200555"}],"wp:attachment":[{"href":"https:\/\/zjarr.tv\/en\/wp-json\/wp\/v2\/media?parent=200554"}],"wp:term":[{"taxonomy":"category","embeddable":true,"href":"https:\/\/zjarr.tv\/en\/wp-json\/wp\/v2\/categories?post=200554"},{"taxonomy":"post_tag","embeddable":true,"href":"https:\/\/zjarr.tv\/en\/wp-json\/wp\/v2\/tags?post=200554"}],"curies":[{"name":"wp","href":"https:\/\/api.w.org\/{rel}","templated":true}]}}