{"id":200559,"date":"2021-09-04T14:15:34","date_gmt":"2021-09-04T12:15:34","guid":{"rendered":"https:\/\/zjarr.tv\/?p=200559"},"modified":"2021-09-04T14:15:34","modified_gmt":"2021-09-04T12:15:34","slug":"shuhet-ne-moshen-86-vjecare-mjeshtri-i-madh-i-humorit-shkodran-paulin-preka","status":"publish","type":"post","link":"https:\/\/zjarr.tv\/en\/shuhet-ne-moshen-86-vjecare-mjeshtri-i-madh-i-humorit-shkodran-paulin-preka\/","title":{"rendered":"Shuhet n\u00eb mosh\u00ebn 86-vje\u00e7are \u201cMjeshtri i Madh\u201d i humorit shkodran Paulin Preka\u2026"},"content":{"rendered":"<p style=\"background: white; margin: 0in 0in 19.5pt 0in;\"><span style=\"font-size: 14.0pt; color: #222222;\">Paulin Preka, \u201cMjesht\u00ebr i Madh\u201d i humorit shkodran dhe aktor i mir\u00ebnjohur i sken\u00ebs shqiptare, ka nd\u00ebrruar jet\u00eb. M\u00ebsohet se ai ka mbyllur syt\u00eb p\u00ebrgjithmon\u00eb, sot, n\u00eb mosh\u00ebn 86-vje\u00e7are, n\u00eb shtetin italian.<\/span><\/p>\n<p style=\"background: white; -webkit-tap-highlight-color: transparent !important; box-sizing: border-box; overflow-wrap: break-word; font-variant-ligatures: normal; font-variant-caps: normal; orphans: 2; widows: 2; -webkit-text-stroke-width: 0px; text-decoration-thickness: initial; text-decoration-style: initial; text-decoration-color: initial; word-spacing: 0px; margin: 0in 0in 19.5pt 0in;\"><span style=\"font-size: 14.0pt; color: #222222;\">Vijon\u2026<\/span><\/p>","protected":false},"excerpt":{"rendered":"<p>Paulin Preka, \u201cMjesht\u00ebr i Madh\u201d i humorit shkodran dhe aktor i mir\u00ebnjohur i sken\u00ebs shqiptare, ka nd\u00ebrruar jet\u00eb. M\u00ebsohet se ai ka mbyllur syt\u00eb p\u00ebrgjithmon\u00eb, sot, n\u00eb mosh\u00ebn 86-vje\u00e7are, n\u00eb shtetin italian. Vijon\u2026<\/p>","protected":false},"author":2016,"featured_media":0,"comment_status":"closed","ping_status":"closed","sticky":false,"template":"","format":"standard","meta":{"footnotes":""},"categories":[241],"tags":[],"class_list":{"0":"post-200559","1":"post","2":"type-post","3":"status-publish","4":"format-standard","6":"category-aktualitet"},"_links":{"self":[{"href":"https:\/\/zjarr.tv\/en\/wp-json\/wp\/v2\/posts\/200559","targetHints":{"allow":["GET"]}}],"collection":[{"href":"https:\/\/zjarr.tv\/en\/wp-json\/wp\/v2\/posts"}],"about":[{"href":"https:\/\/zjarr.tv\/en\/wp-json\/wp\/v2\/types\/post"}],"author":[{"embeddable":true,"href":"https:\/\/zjarr.tv\/en\/wp-json\/wp\/v2\/users\/2016"}],"replies":[{"embeddable":true,"href":"https:\/\/zjarr.tv\/en\/wp-json\/wp\/v2\/comments?post=200559"}],"version-history":[{"count":0,"href":"https:\/\/zjarr.tv\/en\/wp-json\/wp\/v2\/posts\/200559\/revisions"}],"wp:attachment":[{"href":"https:\/\/zjarr.tv\/en\/wp-json\/wp\/v2\/media?parent=200559"}],"wp:term":[{"taxonomy":"category","embeddable":true,"href":"https:\/\/zjarr.tv\/en\/wp-json\/wp\/v2\/categories?post=200559"},{"taxonomy":"post_tag","embeddable":true,"href":"https:\/\/zjarr.tv\/en\/wp-json\/wp\/v2\/tags?post=200559"}],"curies":[{"name":"wp","href":"https:\/\/api.w.org\/{rel}","templated":true}]}}