{"id":200562,"date":"2021-09-04T14:36:45","date_gmt":"2021-09-04T12:36:45","guid":{"rendered":"https:\/\/zjarr.tv\/?p=200562"},"modified":"2021-09-04T14:36:45","modified_gmt":"2021-09-04T12:36:45","slug":"ministrat-e-rinj-memece-qe-do-firmosin-per-ramen-a-jane-bashke-pd-lsi-pergjigjet-vasili-ne-kemi-3-ceshtje-me-prioritet-nuk-besoj-se-pd-eshte-kunder","status":"publish","type":"post","link":"https:\/\/zjarr.tv\/en\/ministrat-e-rinj-memece-qe-do-firmosin-per-ramen-a-jane-bashke-pd-lsi-pergjigjet-vasili-ne-kemi-3-ceshtje-me-prioritet-nuk-besoj-se-pd-eshte-kunder\/","title":{"rendered":"\u201cMinistrat e rinj memec\u00eb q\u00eb do firmosin p\u00ebr Ram\u00ebn\u201d. A jan\u00eb bashk\u00eb PD-LSI? P\u00ebrgjigjet Vasili: Ne kemi 3 \u00e7\u00ebshtje me prioritet, nuk besoj se PD \u00ebsht\u00eb kund\u00ebr"},"content":{"rendered":"<p>Zv\/Kryetari i L\u00ebvizjes Socialiste p\u00ebr Integrim, Petrit Vasili ka qen\u00eb i ftuar n\u00eb nj\u00eb intervist\u00eb dit\u00ebn e sotme p\u00ebr Fax News, ku ka folur p\u00ebr qeverin\u00eb \u2018Rama 3\u2019 dhe p\u00ebr situat\u00ebn me aleatin m\u00eb t\u00eb madh, Partin\u00eb Demokratike.<\/p>\n<p>Petrit Vasili e ka quajtur t\u00eb pakuptimt\u00eb prezantimin e kanbinetit t\u00eb ri t\u00eb Kryeministrit Rama, i cili do t\u00eb vazhdoj\u00eb t\u00eb jet\u00eb thjesht sa p\u00ebr em\u00ebr dhe p\u00ebr t\u00eb firmosur ato q\u00eb urdh\u00ebron Rama.<\/p>\n<p><em>\u201cIshte nj\u00eb pritje pakuptimt\u00eb \u00e7do t\u00eb b\u00ebnte kjo qeveri e re. P\u00ebrkundrazi pam\u00eb q\u00eb ishin vet\u00ebm t\u00eb em\u00ebruar. Jan\u00eb si ato \u00e7el\u00ebsat q\u00eb hyjn\u00eb n\u00eb \u00e7do vrim\u00eb, nuk i pyet njeri. Memec\u00eb q\u00eb do firmosin \u00e7far\u00eb t\u2019i thot\u00eb Rama. Koncesionet, korrupsioni, kriminaliteti dhe pastrimi i parave do t\u00eb jet\u00eb po i nj\u00ebjti. \u00a0Nuk m\u00eb thot\u00eb gj\u00eb asnj\u00ebri. Qeverisja nuk \u00ebsht\u00eb pron\u00eb e Edi Ram\u00ebs. Ministrat nuk paguhen nga Rama por nga parat\u00eb tona. Pak\u00ebnaq\u00ebsit\u00eb brenda PS-s\u00eb jan\u00eb thjesht pak\u00ebnaq\u00ebsi hajdut\u00ebsh q\u00eb nuk mor\u00ebn at\u00eb q\u00eb prisnin. Nuk ka t\u00eb shp\u00ebrblyer n\u00eb PS, i shp\u00ebrblyer \u00ebsht\u00eb vet\u00ebm ai. T\u00eb tjer\u00ebt thjesht mbushin shp\u00ebrblimet e Ram\u00ebs. Numri i madh i grave \u00ebsht\u00eb di\u00e7ka humoristike. Hajdut\u00ebt nuk kan\u00eb sekt\u201d,<\/em>\u00a0u shpreh Vasili.<\/p>\n<p>M\u00eb tej Vasili ka prezantuar nj\u00eb plan t\u00eb qart\u00eb t\u00eb LSI n\u00eb parlamentin e ri me tre pika. Vasili tha se duhet t\u2019i shkohet deri n\u00eb fund hetimit t\u00eb atyre q\u00eb kan\u00eb kapur reform\u00ebn n\u00eb drejt\u00ebsi, t\u00eb hetohet 25 prilli dhe s\u00eb treti t\u00eb hetohet kapja e ekonomis\u00eb.<\/p>\n<p><em>\u201cLSI dot\u00eb ec\u00eb pa kthim mbrapa. S\u00eb pari duhet t\u00eb hetohet deri ne fund, p\u00ebrgjegj\u00ebsit\u00eb e atyre q\u00eb kan\u00eb kapur reformen ne drejtesi. T\u00eb gjith\u00eb jemi d\u00ebshmitar\u00eb t\u00eb nj\u00eb drejt\u00ebsie n\u00eb kolaps, q\u00eb nuk funksionon. S\u2019kemi qen\u00eb n\u00eb parlament por kemi qen\u00eb shum\u00eb aktiv. Sot opozita duhet t\u00eb luftoj\u00eb 7 dit\u00eb t\u00eb jav\u00ebs jasht\u00eb parlamentit, pran\u00eb qytetar\u00ebve. S\u00eb dyti, duhet t\u00eb hetohet deri n\u00eb fund 25 prilli. Kush nxorri t\u00eb dh\u00ebnat e qytetar\u00ebve? Kush shp\u00ebrdori fondet publike? Kush ia dha n\u00eb dor\u00eb t\u00eb dh\u00ebnat patronazhist\u00ebve? Kush shkeli n\u00eb t\u00eb gjitha pikat ligjin zgjedhor? Objektivi i tret\u00eb i madh \u00ebsht\u00eb hetimi i kapjes s\u00eb ekonomis\u00eb. Si mund t\u00eb shmanget hetimi i dhjet\u00ebra koncesioneve t\u00eb dh\u00ebna nga parlamenti nj\u00ebpartiak. Pa zbardhur k\u00ebto \u00e7eshtje\u2026 Nd\u00ebrkoh\u00eb q\u00eb ne bisedojm\u00eb t\u00eb tjer\u00eb largohen. Shqip\u00ebria qeveriset n\u00eb m\u00ebnyr\u00ebn m\u00eb t\u00eb keqe, t\u00eb pabes\u00eb t\u00eb mundshme. K\u00ebto jan\u00eb 3 rrug\u00ebt ku duhet t\u00eb ec\u00eb opozita, p\u00ebrndryshe ajo do t\u00eb ishte nj\u00eb fars\u00eb. P\u00ebrball\u00eb kemi nj\u00eb mazhoranc\u00eb shkat\u00ebrruese te 5 qershorit\u201d,<\/em>\u00a0tha ai.<\/p>\n<p>P\u00ebr sa i p\u00ebrket bashk\u00ebpunimit me PD-n\u00eb, Vasili nuk dha nj\u00eb p\u00ebrgjigje t\u00eb sakt\u00eb , pro thjesht u shpreh se PD nuk \u00ebsht\u00eb kund\u00ebr k\u00ebtyre \u00e7\u00ebshtjeve q\u00eb p\u00ebsht\u00eb fokuasuar LSI.<\/p>\n<p><em>\u201cK\u00ebto \u00e7eshjte jan\u00eb ngritur p\u00ebr vite me radh\u00eb nga ne dhe PD. Jo pak ka folur PD p\u00ebr k\u00ebto \u00e7\u00ebshtje. K\u00ebto \u00e7\u00ebshtje t\u00eb merren m\u00eb t\u00eb gjith\u00eb fuqin\u00eb e tyre. Nuk besoj dot se dikush mund t\u2019i shmanget k\u00ebtyre \u00e7\u00ebshtjeve. K\u00ebto ndajn\u00eb n\u00ebse do kemi nj\u00eb Shqip\u00ebri shtet normal demokratik, apo do t\u00eb kemi nj\u00eb shtet t\u00eb Edi Ram\u00ebs, q\u00eb ka shkat\u00ebrruar vendin. Shqip\u00ebria \u00ebsht\u00eb n\u00eb rrezik madhor, sepse k\u00ebto \u00e7\u00ebshtje madhore, jan\u00eb t\u00eb pakap\u00ebrcyeshme. Nuk kam d\u00ebgjuar se PD t\u00eb jet\u00eb kund\u00ebr hetimit t\u00eb zgjedhjeve. Cili shqiptar i beson nj\u00eb opozite q\u00eb nuk lufton p\u00ebr hetimin e zgjedhjeve t\u00eb 25 prillit\u201d,<\/em>\u00a0deklaroi ai.<\/p>\n<p>N\u00eb fund ai u pyet p\u00ebr deklarat\u00ebn e Lulzim Bash\u00ebs, i cili k\u00ebrkoi q\u00eb t\u00eb ndryshohen ato ndryshime kushtetuese t\u00eb b\u00ebra n\u00eb vitin 2008. Vasili thekson se pa u b\u00ebr\u00eb m\u00eb par\u00eb hetimet p\u00ebr 3 \u00e7\u00ebshtjet q\u00eb tha ai, nuk mund t\u00eb kalohet te ndryshimet kushtetuese.<\/p>\n<p><em>\u201cAsnj\u00eb ndryshim kushtetues nuk mund t\u00eb ndodh\u00eb pa pasur partin\u00eb q\u00eb tashm\u00eb \u00ebsht\u00eb n\u00eb mazhoranc\u00eb. Un\u00eb p\u00ebr eksperienc\u00ebn n\u00eb dy \u00e7\u00ebshtje shum\u00eb t\u00eb hidhura, reforma n\u00eb drejt\u00ebsi dhe ajo e 5 qershorit, nuk mund t\u00eb gjej dot si mund t\u00eb shkohet te k\u00ebto ndryshime, pas sqaruar nj\u00ebher\u00eb 25 prillin. Pa zgjihdhur k\u00ebto, se di si mund t\u00eb shkohet te kushtetuta e 2008. Kush do prodhoj\u00eb kompromis , k\u00ebta q\u00eb shkat\u00ebrruan 5 qershorin. Pa hedhur k\u00ebto hapa, do t\u00eb thot\u00eb t\u00eb legazlizojm\u00eb pushtetin e\u00a0 Edi Ram\u00ebs\u201d<\/em>, p\u00ebrfundoi Vasili.\/ FaxNews<\/p>","protected":false},"excerpt":{"rendered":"<p>Zv\/Kryetari i L\u00ebvizjes Socialiste p\u00ebr Integrim, Petrit Vasili ka qen\u00eb i ftuar n\u00eb nj\u00eb intervist\u00eb dit\u00ebn e sotme p\u00ebr Fax News, ku ka folur p\u00ebr qeverin\u00eb \u2018Rama 3\u2019 dhe p\u00ebr situat\u00ebn me aleatin m\u00eb t\u00eb madh, Partin\u00eb Demokratike. Petrit Vasili e ka quajtur t\u00eb pakuptimt\u00eb prezantimin e kanbinetit t\u00eb ri t\u00eb Kryeministrit Rama, i cili [&hellip;]<\/p>\n","protected":false},"author":2030,"featured_media":0,"comment_status":"closed","ping_status":"closed","sticky":false,"template":"","format":"standard","meta":{"footnotes":""},"categories":[241,3366,1454],"tags":[],"class_list":{"0":"post-200562","1":"post","2":"type-post","3":"status-publish","4":"format-standard","6":"category-aktualitet","7":"category-koment","8":"category-politike"},"_links":{"self":[{"href":"https:\/\/zjarr.tv\/en\/wp-json\/wp\/v2\/posts\/200562","targetHints":{"allow":["GET"]}}],"collection":[{"href":"https:\/\/zjarr.tv\/en\/wp-json\/wp\/v2\/posts"}],"about":[{"href":"https:\/\/zjarr.tv\/en\/wp-json\/wp\/v2\/types\/post"}],"author":[{"embeddable":true,"href":"https:\/\/zjarr.tv\/en\/wp-json\/wp\/v2\/users\/2030"}],"replies":[{"embeddable":true,"href":"https:\/\/zjarr.tv\/en\/wp-json\/wp\/v2\/comments?post=200562"}],"version-history":[{"count":0,"href":"https:\/\/zjarr.tv\/en\/wp-json\/wp\/v2\/posts\/200562\/revisions"}],"wp:attachment":[{"href":"https:\/\/zjarr.tv\/en\/wp-json\/wp\/v2\/media?parent=200562"}],"wp:term":[{"taxonomy":"category","embeddable":true,"href":"https:\/\/zjarr.tv\/en\/wp-json\/wp\/v2\/categories?post=200562"},{"taxonomy":"post_tag","embeddable":true,"href":"https:\/\/zjarr.tv\/en\/wp-json\/wp\/v2\/tags?post=200562"}],"curies":[{"name":"wp","href":"https:\/\/api.w.org\/{rel}","templated":true}]}}