{"id":200594,"date":"2021-09-04T17:16:59","date_gmt":"2021-09-04T15:16:59","guid":{"rendered":"https:\/\/zjarr.tv\/?p=200594"},"modified":"2021-09-04T17:16:59","modified_gmt":"2021-09-04T15:16:59","slug":"emrat-tronditet-tropoja-vritet-me-arme-zjarri-nje-person","status":"publish","type":"post","link":"https:\/\/zjarr.tv\/en\/emrat-tronditet-tropoja-vritet-me-arme-zjarri-nje-person\/","title":{"rendered":"Emrat \/ Tronditet Tropoja, vritet me arm\u00eb zjarri nj\u00eb person"},"content":{"rendered":"<p>T\u00eb sht\u00ebna me arm\u00eb zjarri raportohen t\u00eb ken\u00eb ndodhur n\u00eb fshatin \u00c7erem t\u00eb Tropoj\u00ebs, ku n\u00eb baz\u00eb t\u00eb infiormacioneve paraprake raportohet p\u00ebr nj\u00eb t\u00eb vdekur.<\/p>\n<p>B\u00ebhet me dije se viktim\u00eb ka mbetur shtetasi 49-vje\u00e7ar Isat Go\u00e7aj, nd\u00ebrsa autori i krimit \u00ebsht\u00eb shtetasi Aktin Ismajlisufi, i cili \u00ebsht\u00eb shpallur n\u00eb k\u00ebrkim.<br \/>\nNjoftimi i plot\u00eb i policis\u00eb: Tropoj\u00eb<\/p>\n<p>Vret me arm\u00eb zjarri 49- vje\u00e7arin, Policia identifikon dhe shpall n\u00eb k\u00ebrkim autorin e dyshuar.<\/p>\n<p>Sot, rreth or\u00ebs 15:30, n\u00eb fshatin \u00c7erem, n\u00eb rrethana ende t\u00eb paqarta \u00ebsht\u00eb vrar\u00eb me arm\u00eb zjarri shtetasi I.G., 49 vje\u00e7, banues n\u00eb \u00c7erem.<\/p>\n<p>Menj\u00ebher\u00eb n\u00eb vendngjarje jan\u00eb nisur sh\u00ebrbimet e Policis\u00eb, t\u00eb cilat fal\u00eb veprimeve t\u00eb shpejta b\u00ebn\u00eb t\u00eb mundur identifikimin dhe shpalljen n\u00eb k\u00ebrkim t\u00eb autorit t\u00eb dyshuar, shtetasit A. I., banues n\u00eb \u00c7erem.<\/p>\n<p>Vijon krehja e zon\u00ebs me q\u00ebllim kapjen e autorit t\u00eb dyshuar.<\/p>\n<p>Grupi hetimor, n\u00ebn drejtimin e Prokuroris\u00eb s\u00eb Rrethit Gjyq\u00ebsor Tropoj\u00eb, vijon pun\u00ebn p\u00ebr zbardhjen dhe dokumentimin e  plot\u00eb t\u00eb  rrethanave t\u00eb ngjarjes.<\/p>","protected":false},"excerpt":{"rendered":"<p>T\u00eb sht\u00ebna me arm\u00eb zjarri raportohen t\u00eb ken\u00eb ndodhur n\u00eb fshatin \u00c7erem t\u00eb Tropoj\u00ebs, ku n\u00eb baz\u00eb t\u00eb infiormacioneve paraprake raportohet p\u00ebr nj\u00eb t\u00eb vdekur. B\u00ebhet me dije se viktim\u00eb ka mbetur shtetasi 49-vje\u00e7ar Isat Go\u00e7aj, nd\u00ebrsa autori i krimit \u00ebsht\u00eb shtetasi Aktin Ismajlisufi, i cili \u00ebsht\u00eb shpallur n\u00eb k\u00ebrkim. Njoftimi i plot\u00eb i policis\u00eb: [&hellip;]<\/p>\n","protected":false},"author":2031,"featured_media":186547,"comment_status":"closed","ping_status":"closed","sticky":false,"template":"","format":"standard","meta":{"footnotes":""},"categories":[231],"tags":[],"class_list":{"0":"post-200594","1":"post","2":"type-post","3":"status-publish","4":"format-standard","5":"has-post-thumbnail","7":"category-lajme"},"_links":{"self":[{"href":"https:\/\/zjarr.tv\/en\/wp-json\/wp\/v2\/posts\/200594","targetHints":{"allow":["GET"]}}],"collection":[{"href":"https:\/\/zjarr.tv\/en\/wp-json\/wp\/v2\/posts"}],"about":[{"href":"https:\/\/zjarr.tv\/en\/wp-json\/wp\/v2\/types\/post"}],"author":[{"embeddable":true,"href":"https:\/\/zjarr.tv\/en\/wp-json\/wp\/v2\/users\/2031"}],"replies":[{"embeddable":true,"href":"https:\/\/zjarr.tv\/en\/wp-json\/wp\/v2\/comments?post=200594"}],"version-history":[{"count":0,"href":"https:\/\/zjarr.tv\/en\/wp-json\/wp\/v2\/posts\/200594\/revisions"}],"wp:featuredmedia":[{"embeddable":true,"href":"https:\/\/zjarr.tv\/en\/wp-json\/wp\/v2\/media\/186547"}],"wp:attachment":[{"href":"https:\/\/zjarr.tv\/en\/wp-json\/wp\/v2\/media?parent=200594"}],"wp:term":[{"taxonomy":"category","embeddable":true,"href":"https:\/\/zjarr.tv\/en\/wp-json\/wp\/v2\/categories?post=200594"},{"taxonomy":"post_tag","embeddable":true,"href":"https:\/\/zjarr.tv\/en\/wp-json\/wp\/v2\/tags?post=200594"}],"curies":[{"name":"wp","href":"https:\/\/api.w.org\/{rel}","templated":true}]}}