{"id":200597,"date":"2021-09-04T17:34:42","date_gmt":"2021-09-04T15:34:42","guid":{"rendered":"https:\/\/zjarr.tv\/?p=200597"},"modified":"2021-09-04T17:34:42","modified_gmt":"2021-09-04T15:34:42","slug":"duke-ikur-nga-karrigia-erion-braces-nuk-i-del-e-keqja-ka-njerez-qe-i-ze-libri-ka-te-tjere-qe-e-kerkojne-ne-bankomat","status":"publish","type":"post","link":"https:\/\/zjarr.tv\/en\/duke-ikur-nga-karrigia-erion-braces-nuk-i-del-e-keqja-ka-njerez-qe-i-ze-libri-ka-te-tjere-qe-e-kerkojne-ne-bankomat\/","title":{"rendered":"\u201cDuke ikur nga karrigia\u201d, Erion Bra\u00e7es \u201cnuk i del e keqja\u201d: Ka njer\u00ebz q\u00eb i z\u00eb libri, ka t\u00eb tjer\u00eb q\u00eb e k\u00ebrkojn\u00eb n\u00eb bankomat"},"content":{"rendered":"<p style=\"background: white; margin: 0in 0in 19.5pt 0in;\">Erion Bra\u00e7e nuk do t\u00eb jet\u00eb m\u00eb pjes\u00eb e kabinetit qeveritar, pasi si\u00e7 tha kryeministri Rama, ai ia kishte k\u00ebrkuar vet\u00eb di\u00e7ka t\u00eb till\u00eb.<\/p>\n<p style=\"background: white; -webkit-tap-highlight-color: transparent !important; box-sizing: border-box; overflow-wrap: break-word; font-variant-ligatures: normal; font-variant-caps: normal; orphans: 2; widows: 2; -webkit-text-stroke-width: 0px; text-decoration-thickness: initial; text-decoration-style: initial; text-decoration-color: initial; word-spacing: 0px; margin: 0in 0in 19.5pt 0in;\">Por pas shpalljes s\u00eb qeveris\u00eb s\u00eb re, ish-zv.kryeministri nuk i ka ndalur postimet ironizuese dhe thumbuese, pavar\u00ebsisht se ende nuk dihet me cilin i ka prishur marr\u00ebdh\u00ebniet nga koleg\u00ebt e tij.<\/p>\n<p style=\"background: white; -webkit-tap-highlight-color: transparent !important; box-sizing: border-box; overflow-wrap: break-word; font-variant-ligatures: normal; font-variant-caps: normal; orphans: 2; widows: 2; -webkit-text-stroke-width: 0px; text-decoration-thickness: initial; text-decoration-style: initial; text-decoration-color: initial; word-spacing: 0px; margin: 0in 0in 19.5pt 0in;\">Dit\u00ebn e djeshme Bra\u00e7e postoi nj\u00eb foto t\u00eb loj\u00ebs \u201ckaladibran\u00e7e\u201d, ku thoshte se kjo loj\u00eb i reziston \u00e7do kohe si stil jete, nd\u00ebrkoh\u00eb q\u00eb dit\u00ebn en sotme ka publikuar nj\u00eb piktur\u00eb t\u00eb piktorit Adrian Cene, ku shihet nj\u00eb filxhan kafe i p\u00ebrmbysur dhe nj\u00eb lib\u00ebr, teksa thot\u00eb se e mban \u00e7do dit\u00eb pran\u00eb p\u00ebr t\u2019i th\u00ebn\u00eb vetes se sa kot \u00ebsht\u00eb karrigia.<\/p>\n<p style=\"background: white; -webkit-tap-highlight-color: transparent !important; box-sizing: border-box; overflow-wrap: break-word; font-variant-ligatures: normal; font-variant-caps: normal; orphans: 2; widows: 2; -webkit-text-stroke-width: 0px; text-decoration-thickness: initial; text-decoration-style: initial; text-decoration-color: initial; word-spacing: 0px; margin: 0in 0in 19.5pt 0in;\">\u201cADRIAN CENE ESHTE NJE<br style=\"-webkit-tap-highlight-color: transparent !important; box-sizing: border-box;\" \/>ARTIST I MADH!<br style=\"-webkit-tap-highlight-color: transparent !important; box-sizing: border-box;\" \/>Kjo pikture eshte e tij;<br style=\"-webkit-tap-highlight-color: transparent !important; box-sizing: border-box;\" \/>Nje filxhan kafeje i permbysur-dihet cfare perfaqeson dhe, NJE LIBER!<br style=\"-webkit-tap-highlight-color: transparent !important; box-sizing: border-box;\" \/>E mbaj cdo dite prane per ti thene vetes se sa kot eshte karrigia!<br style=\"-webkit-tap-highlight-color: transparent !important; box-sizing: border-box;\" \/>Ka njerez qe i ze libri,<br style=\"-webkit-tap-highlight-color: transparent !important; box-sizing: border-box;\" \/>ka te tjere qe e kerkojne ne bankomat!<br style=\"-webkit-tap-highlight-color: transparent !important; box-sizing: border-box;\" \/><a style=\"-webkit-tap-highlight-color: transparent !important; box-sizing: border-box; pointer-events: auto;\" href=\"https:\/\/www.instagram.com\/explore\/tags\/dukeikurngakarrigia\/\" target=\"_blank\" rel=\"noopener\" data-wpel-link=\"external\"><span style=\"color: windowtext; text-decoration: none; text-underline: none;\">#DukeIkurNgaKarrigia<\/span><\/a><\/p>\n<p><img loading=\"lazy\" decoding=\"async\" class=\"alignnone  wp-image-200598\" src=\"https:\/\/zjarr.tv\/wp-content\/uploads\/2021\/09\/ssa-207x300.png\" alt=\"\" width=\"320\" height=\"464\" srcset=\"https:\/\/zjarr.tv\/wp-content\/uploads\/2021\/09\/ssa-207x300.png 207w, https:\/\/zjarr.tv\/wp-content\/uploads\/2021\/09\/ssa-290x420.png 290w, https:\/\/zjarr.tv\/wp-content\/uploads\/2021\/09\/ssa.png 538w\" sizes=\"auto, (max-width: 320px) 100vw, 320px\" \/><\/p>","protected":false},"excerpt":{"rendered":"<p>Erion Bra\u00e7e nuk do t\u00eb jet\u00eb m\u00eb pjes\u00eb e kabinetit qeveritar, pasi si\u00e7 tha kryeministri Rama, ai ia kishte k\u00ebrkuar vet\u00eb di\u00e7ka t\u00eb till\u00eb. Por pas shpalljes s\u00eb qeveris\u00eb s\u00eb re, ish-zv.kryeministri nuk i ka ndalur postimet ironizuese dhe thumbuese, pavar\u00ebsisht se ende nuk dihet me cilin i ka prishur marr\u00ebdh\u00ebniet nga koleg\u00ebt e tij. [&hellip;]<\/p>\n","protected":false},"author":2030,"featured_media":161098,"comment_status":"closed","ping_status":"closed","sticky":false,"template":"","format":"standard","meta":{"footnotes":""},"categories":[241],"tags":[],"class_list":{"0":"post-200597","1":"post","2":"type-post","3":"status-publish","4":"format-standard","5":"has-post-thumbnail","7":"category-aktualitet"},"_links":{"self":[{"href":"https:\/\/zjarr.tv\/en\/wp-json\/wp\/v2\/posts\/200597","targetHints":{"allow":["GET"]}}],"collection":[{"href":"https:\/\/zjarr.tv\/en\/wp-json\/wp\/v2\/posts"}],"about":[{"href":"https:\/\/zjarr.tv\/en\/wp-json\/wp\/v2\/types\/post"}],"author":[{"embeddable":true,"href":"https:\/\/zjarr.tv\/en\/wp-json\/wp\/v2\/users\/2030"}],"replies":[{"embeddable":true,"href":"https:\/\/zjarr.tv\/en\/wp-json\/wp\/v2\/comments?post=200597"}],"version-history":[{"count":0,"href":"https:\/\/zjarr.tv\/en\/wp-json\/wp\/v2\/posts\/200597\/revisions"}],"wp:featuredmedia":[{"embeddable":true,"href":"https:\/\/zjarr.tv\/en\/wp-json\/wp\/v2\/media\/161098"}],"wp:attachment":[{"href":"https:\/\/zjarr.tv\/en\/wp-json\/wp\/v2\/media?parent=200597"}],"wp:term":[{"taxonomy":"category","embeddable":true,"href":"https:\/\/zjarr.tv\/en\/wp-json\/wp\/v2\/categories?post=200597"},{"taxonomy":"post_tag","embeddable":true,"href":"https:\/\/zjarr.tv\/en\/wp-json\/wp\/v2\/tags?post=200597"}],"curies":[{"name":"wp","href":"https:\/\/api.w.org\/{rel}","templated":true}]}}