{"id":200601,"date":"2021-09-04T17:55:13","date_gmt":"2021-09-04T15:55:13","guid":{"rendered":"https:\/\/zjarr.tv\/?p=200601"},"modified":"2021-09-04T17:55:13","modified_gmt":"2021-09-04T15:55:13","slug":"arrestohet-autori-i-vrasjes-ne-tropoje-i-gjendet-ne-banese-pistoleta-qe-kreu-krimin","status":"publish","type":"post","link":"https:\/\/zjarr.tv\/en\/arrestohet-autori-i-vrasjes-ne-tropoje-i-gjendet-ne-banese-pistoleta-qe-kreu-krimin\/","title":{"rendered":"Arrestohet autori i vrasjes n\u00eb Tropoj\u00eb, i gjendet n\u00eb banes\u00eb pistoleta q\u00eb kreu krimin"},"content":{"rendered":"<p>Policia e Tropoj\u00ebs ka arritur t\u00eb arrestoj\u00eb n\u00eb flagranc\u00eb autorin e vrasjes n\u00eb fshatin \u00c7erem. N\u00eb pranga ka p\u00ebrfunduar shtetasi Altin Ismailsufi, i cili dyshohet se rreth or\u00ebs s\u00eb 15:30, ekzekutoi me arm\u00eb zjarri p\u00ebr motive pron\u00ebsie fqinjin e tij Isat Go\u00e7aj.<\/p>\n<p>Gjat\u00eb kontrollit n\u00eb banes\u00eb, Ismailsufit iu gjet dhe arma tip pistolet\u00eb me t\u00eb cil\u00ebn ai kreu krimin.<\/p>\n<p>Autori i dyshuar po shoq\u00ebrohet n\u00eb Komisariatin e Policis\u00eb Tropoj\u00eb, p\u00ebr veprime t\u00eb m\u00ebtejshme.<\/p>\n<p><strong>Njoftimi i plot\u00eb i policis\u00eb:<\/strong><em>\u00a0Tropoj\u00eb<\/em><\/p>\n<p><em>Kapet n\u00eb koh\u00eb rekord autori i dyshuar i vrasjes s\u00eb ndodhur n\u00eb \u00c7erem.<\/em><\/p>\n<p><em>Sh\u00ebrbimet e Komisariatit t\u00eb Policis\u00eb Tropoj\u00eb\u00a0 fal\u00eb\u00a0 reagimit n\u00eb koh\u00eb, veprimeve t\u00eb shpejta dhe profesionale, b\u00ebn\u00eb t\u00eb mundur kapjen e autorit t\u00eb dyshuar shtetasin\u00a0 Altin Ismajlisufi.<\/em><\/p>\n<p><em>Gjat\u00eb kontrollit n\u00eb banes\u00eb, Policia gjeti dhe sekuestroi arm\u00ebn e zjarrit, me t\u00eb cil\u00ebn autori kreu vrasjen.<\/em><\/p>\n<p><em>Autori i dyshuar po shoq\u00ebrohet n\u00eb Komisariatin e Policis\u00eb Tropoj\u00eb, p\u00ebr veprime t\u00eb m\u00ebtejshme.<\/em><\/p>","protected":false},"excerpt":{"rendered":"<p>Policia e Tropoj\u00ebs ka arritur t\u00eb arrestoj\u00eb n\u00eb flagranc\u00eb autorin e vrasjes n\u00eb fshatin \u00c7erem. N\u00eb pranga ka p\u00ebrfunduar shtetasi Altin Ismailsufi, i cili dyshohet se rreth or\u00ebs s\u00eb 15:30, ekzekutoi me arm\u00eb zjarri p\u00ebr motive pron\u00ebsie fqinjin e tij Isat Go\u00e7aj. Gjat\u00eb kontrollit n\u00eb banes\u00eb, Ismailsufit iu gjet dhe arma tip pistolet\u00eb me t\u00eb [&hellip;]<\/p>\n","protected":false},"author":2030,"featured_media":0,"comment_status":"closed","ping_status":"closed","sticky":false,"template":"","format":"standard","meta":{"footnotes":""},"categories":[241],"tags":[],"class_list":{"0":"post-200601","1":"post","2":"type-post","3":"status-publish","4":"format-standard","6":"category-aktualitet"},"_links":{"self":[{"href":"https:\/\/zjarr.tv\/en\/wp-json\/wp\/v2\/posts\/200601","targetHints":{"allow":["GET"]}}],"collection":[{"href":"https:\/\/zjarr.tv\/en\/wp-json\/wp\/v2\/posts"}],"about":[{"href":"https:\/\/zjarr.tv\/en\/wp-json\/wp\/v2\/types\/post"}],"author":[{"embeddable":true,"href":"https:\/\/zjarr.tv\/en\/wp-json\/wp\/v2\/users\/2030"}],"replies":[{"embeddable":true,"href":"https:\/\/zjarr.tv\/en\/wp-json\/wp\/v2\/comments?post=200601"}],"version-history":[{"count":0,"href":"https:\/\/zjarr.tv\/en\/wp-json\/wp\/v2\/posts\/200601\/revisions"}],"wp:attachment":[{"href":"https:\/\/zjarr.tv\/en\/wp-json\/wp\/v2\/media?parent=200601"}],"wp:term":[{"taxonomy":"category","embeddable":true,"href":"https:\/\/zjarr.tv\/en\/wp-json\/wp\/v2\/categories?post=200601"},{"taxonomy":"post_tag","embeddable":true,"href":"https:\/\/zjarr.tv\/en\/wp-json\/wp\/v2\/tags?post=200601"}],"curies":[{"name":"wp","href":"https:\/\/api.w.org\/{rel}","templated":true}]}}