{"id":201332,"date":"2021-09-09T11:30:10","date_gmt":"2021-09-09T09:30:10","guid":{"rendered":"https:\/\/zjarr.tv\/?p=201332"},"modified":"2021-09-09T11:30:10","modified_gmt":"2021-09-09T09:30:10","slug":"rritja-e-cmimit-te-bukes-flasin-qytetaret-ku-kemi-shtet-ne-eshte-zero-per-cdo-gje-jemi-te-pashprese-por-do-e-blejme-dhe-do-e-shoqerojme-me-kripe-domate-dhe-ullinj-nuk-kemi-zgjdhje-tjeter","status":"publish","type":"post","link":"https:\/\/zjarr.tv\/en\/rritja-e-cmimit-te-bukes-flasin-qytetaret-ku-kemi-shtet-ne-eshte-zero-per-cdo-gje-jemi-te-pashprese-por-do-e-blejme-dhe-do-e-shoqerojme-me-kripe-domate-dhe-ullinj-nuk-kemi-zgjdhje-tjeter\/","title":{"rendered":"Rritja e \u00e7mimit t\u00eb buk\u00ebs\/ Flasin qytetar\u00ebt: Ku kemi shtet ne, \u00ebsht\u00eb zero p\u00ebr \u00e7do gj\u00eb, jemi t\u00eb pashpres\u00eb, por do e blejm\u00eb dhe do e shoq\u00ebrojm\u00eb me krip\u00eb, domate dhe ullinj, nuk kemi zgjdhje tjet\u00ebr\u2026"},"content":{"rendered":"<p>Ashtu si\u00e7 ishte lajm\u00ebruar m\u00eb her\u00ebt, ka filluar t\u00eb rritet \u00e7mimi i buk\u00ebs n\u00eb qytetin e Elbasanit. Tashm\u00eb nj\u00eb buk\u00eb kushton 10-20 lek\u00eb m\u00eb shtrenjt\u00eb se m\u00eb par\u00eb. P\u00ebr nj\u00eb popull sikurse jan\u00eb shqiptar\u00ebt t\u00eb cil\u00ebt konsumojn\u00eb shum\u00eb buk\u00eb, rritja e \u00e7mimit shihet me shqet\u00ebsim.<\/p>\n<p>Disa prej tyre tashm\u00eb thon\u00eb se do t\u00eb konsumojn\u00eb m\u00eb pak. Nd\u00ebrsa sipas prodhuesve, rritja e \u00e7mimit t\u00eb buk\u00ebs ka ardhur nga rritja e \u00e7mimit t\u00eb miellit.<\/p>\n<p><em>\u201cJemi t\u00eb detyruar ta blejm\u00eb, a kemi zgjidhje tjet\u00ebr? Do lejm\u00eb di\u00e7ka tjet\u00ebr dhe do blejm\u00eb buk\u00ebn. Do ham\u00eb buk\u00eb me krip\u00eb, me domate dhe ullinj se nuk kemi rrug\u00ebzgjidhje tjet\u00ebr. Ku kemi shtet ne, \u00ebsht\u00eb zero p\u00ebr \u00e7do gj\u00eb. Jemi t\u00eb pashpres\u00eb\u201d<\/em>\u2013 u shpreh nj\u00ebra prej qytetar\u00ebve.<\/p>\n<p>Nj\u00eb qytetar i moshuar:<\/p>\n<p><em>Do e blejm\u00eb buk\u00ebn se s\u2019kemi ku t\u00eb shkojm\u00eb. K\u00ebtu \u00ebsht\u00eb katastrof\u00eb e madhe p\u00ebr mua. Un\u00eb jam 72-vje\u00e7. M\u00eb t\u00eb prekurit nga rritja e \u00e7mimit jan\u00eb pensionist\u00ebt dhe invalid\u00ebt.<\/em><\/p>","protected":false},"excerpt":{"rendered":"<p>Ashtu si\u00e7 ishte lajm\u00ebruar m\u00eb her\u00ebt, ka filluar t\u00eb rritet \u00e7mimi i buk\u00ebs n\u00eb qytetin e Elbasanit. Tashm\u00eb nj\u00eb buk\u00eb kushton 10-20 lek\u00eb m\u00eb shtrenjt\u00eb se m\u00eb par\u00eb. P\u00ebr nj\u00eb popull sikurse jan\u00eb shqiptar\u00ebt t\u00eb cil\u00ebt konsumojn\u00eb shum\u00eb buk\u00eb, rritja e \u00e7mimit shihet me shqet\u00ebsim. Disa prej tyre tashm\u00eb thon\u00eb se do t\u00eb konsumojn\u00eb m\u00eb [&hellip;]<\/p>\n","protected":false},"author":2016,"featured_media":201333,"comment_status":"closed","ping_status":"closed","sticky":false,"template":"","format":"standard","meta":{"footnotes":""},"categories":[241],"tags":[4956],"class_list":{"0":"post-201332","1":"post","2":"type-post","3":"status-publish","4":"format-standard","5":"has-post-thumbnail","7":"category-aktualitet","8":"tag-lajme-zjarr-rritja-e-cmimit-te-bukes-zjarr-tv"},"_links":{"self":[{"href":"https:\/\/zjarr.tv\/en\/wp-json\/wp\/v2\/posts\/201332","targetHints":{"allow":["GET"]}}],"collection":[{"href":"https:\/\/zjarr.tv\/en\/wp-json\/wp\/v2\/posts"}],"about":[{"href":"https:\/\/zjarr.tv\/en\/wp-json\/wp\/v2\/types\/post"}],"author":[{"embeddable":true,"href":"https:\/\/zjarr.tv\/en\/wp-json\/wp\/v2\/users\/2016"}],"replies":[{"embeddable":true,"href":"https:\/\/zjarr.tv\/en\/wp-json\/wp\/v2\/comments?post=201332"}],"version-history":[{"count":0,"href":"https:\/\/zjarr.tv\/en\/wp-json\/wp\/v2\/posts\/201332\/revisions"}],"wp:featuredmedia":[{"embeddable":true,"href":"https:\/\/zjarr.tv\/en\/wp-json\/wp\/v2\/media\/201333"}],"wp:attachment":[{"href":"https:\/\/zjarr.tv\/en\/wp-json\/wp\/v2\/media?parent=201332"}],"wp:term":[{"taxonomy":"category","embeddable":true,"href":"https:\/\/zjarr.tv\/en\/wp-json\/wp\/v2\/categories?post=201332"},{"taxonomy":"post_tag","embeddable":true,"href":"https:\/\/zjarr.tv\/en\/wp-json\/wp\/v2\/tags?post=201332"}],"curies":[{"name":"wp","href":"https:\/\/api.w.org\/{rel}","templated":true}]}}