{"id":201552,"date":"2021-09-10T11:22:08","date_gmt":"2021-09-10T09:22:08","guid":{"rendered":"https:\/\/zjarr.tv\/?p=201552"},"modified":"2021-09-10T11:22:08","modified_gmt":"2021-09-10T09:22:08","slug":"rama-flet-para-gazetareve-une-do-jem-i-urte-i-mire-i-bute-si-qingj-me-shfrytezoni-do-jem-ne-dispozicionin-tuaj-do-bej-cmos-qe","status":"publish","type":"post","link":"https:\/\/zjarr.tv\/en\/rama-flet-para-gazetareve-une-do-jem-i-urte-i-mire-i-bute-si-qingj-me-shfrytezoni-do-jem-ne-dispozicionin-tuaj-do-bej-cmos-qe\/","title":{"rendered":"Rama flet para gazetar\u00ebve: Un\u00eb do jem i urt\u00eb, i mir\u00eb, i but\u00eb si qingj, m\u00eb shfryt\u00ebzoni, do jem n\u00eb dispozicionin tuaj, do b\u00ebj \u00e7mos q\u00eb\u2026"},"content":{"rendered":"<p>Edi Rama ka dal\u00eb n\u00eb nj\u00eb deklarat\u00eb p\u00ebr mediat, pasi u largua nga seanca e par\u00eb e Kuvendit. \u00c7\u00ebshtja kryesore p\u00ebr t\u00eb cil\u00ebn u pyet ishin zhvillimet e fundit n\u00eb kampin e opozit\u00ebs, por Rama refuzoi t\u00eb jepte mendimin e tij, apo t\u00eb tregonte n\u00ebse kishin ndonj\u00eb marrveshje paraprake me kryedemokratin Lulzim Basha.<\/p>\n<p>Rama e shfryt\u00ebzoi k\u00ebt\u00eb rast p\u00ebr t\u2019u th\u00ebn\u00eb gazetar\u00ebve, se do t\u00eb ishte m\u00eb ndryshe n\u00eb raport me ta dhe se priste pyetje q\u00eb kan\u00eb t\u00eb b\u00ebjn\u00eb me shqet\u00ebsimet e popullit dhe jo me t\u00eb shkuar\u00ebn.<\/p>\n<p><strong>Kryeministri Edi Rama<\/strong><\/p>\n<p>Un\u00eb jam shum\u00eb i p\u00ebrgatitur q\u00eb t\u00eb jem n\u00eb lart\u00ebsin\u00eb e fjal\u00ebve duke dh\u00ebn\u00eb shembullin i pari dhe duke u p\u00ebrmir\u00ebsuar cdo dit\u00eb edhe n\u00eb raport me ju. Jam i vet\u00ebdijsh\u00ebm se pa dashje dhe kam kaluar kufirin kam krijuar shqet\u00ebsime p\u00ebr ju. Do b\u00ebj \u00e7mos q\u00eb marr\u00ebdh\u00ebniet tona t\u00eb jen\u00eb fantastike dhe un\u00eb t\u00eb jem n\u00eb dispozicionin tuaj sa m\u00eb i urt\u00eb dhe i but\u00eb. N\u00ebse kjo nuk ndodh at\u00ebher\u00eb do jet\u00eb gabimi im.<\/p>\n<p>E kuptoni sesa e madhe \u00ebsht\u00eb sfida jon\u00eb? PS e ka t\u00eb pamundur t\u00eb shikoj\u00eb nga lart posht\u00eb si\u00e7 po ndodh n\u00eb kt\u00eb moment, ne jemi lart jemi shum\u00eb p\u00ebrpara.<\/p>\n<p>Trishtimet dhe g\u00ebzimet jan\u00eb evenimente shum\u00eb t\u00eb r\u00ebnd\u00ebsishem p\u00ebr ti shp\u00ebrdoruar p\u00ebr c\u00ebshtje t\u00eb natyr\u00ebs politike dhe aq m\u00eb tep\u00ebr n\u00eb nj\u00eb kamp tjet\u00ebr. M\u00eb shfryt\u00ebzoni p\u00ebr t\u2019m\u00eb pyetur p\u00ebr \u00e7\u00ebshtje q\u00eb jan\u00eb me interes p\u00ebr popullin dhe q\u00eb mund t\u00eb b\u00ebjn\u00eb dicka p\u00ebr t\u00eb zgjidhur hallet e popullit.<\/p>","protected":false},"excerpt":{"rendered":"<p>Edi Rama ka dal\u00eb n\u00eb nj\u00eb deklarat\u00eb p\u00ebr mediat, pasi u largua nga seanca e par\u00eb e Kuvendit. \u00c7\u00ebshtja kryesore p\u00ebr t\u00eb cil\u00ebn u pyet ishin zhvillimet e fundit n\u00eb kampin e opozit\u00ebs, por Rama refuzoi t\u00eb jepte mendimin e tij, apo t\u00eb tregonte n\u00ebse kishin ndonj\u00eb marrveshje paraprake me kryedemokratin Lulzim Basha. Rama e [&hellip;]<\/p>\n","protected":false},"author":2016,"featured_media":160312,"comment_status":"closed","ping_status":"closed","sticky":false,"template":"","format":"standard","meta":{"footnotes":""},"categories":[241,1454],"tags":[4984],"class_list":{"0":"post-201552","1":"post","2":"type-post","3":"status-publish","4":"format-standard","5":"has-post-thumbnail","7":"category-aktualitet","8":"category-politike","9":"tag-lajme-zjarr-rama-flet-para-gazetareve-zjarr-tv"},"_links":{"self":[{"href":"https:\/\/zjarr.tv\/en\/wp-json\/wp\/v2\/posts\/201552","targetHints":{"allow":["GET"]}}],"collection":[{"href":"https:\/\/zjarr.tv\/en\/wp-json\/wp\/v2\/posts"}],"about":[{"href":"https:\/\/zjarr.tv\/en\/wp-json\/wp\/v2\/types\/post"}],"author":[{"embeddable":true,"href":"https:\/\/zjarr.tv\/en\/wp-json\/wp\/v2\/users\/2016"}],"replies":[{"embeddable":true,"href":"https:\/\/zjarr.tv\/en\/wp-json\/wp\/v2\/comments?post=201552"}],"version-history":[{"count":0,"href":"https:\/\/zjarr.tv\/en\/wp-json\/wp\/v2\/posts\/201552\/revisions"}],"wp:featuredmedia":[{"embeddable":true,"href":"https:\/\/zjarr.tv\/en\/wp-json\/wp\/v2\/media\/160312"}],"wp:attachment":[{"href":"https:\/\/zjarr.tv\/en\/wp-json\/wp\/v2\/media?parent=201552"}],"wp:term":[{"taxonomy":"category","embeddable":true,"href":"https:\/\/zjarr.tv\/en\/wp-json\/wp\/v2\/categories?post=201552"},{"taxonomy":"post_tag","embeddable":true,"href":"https:\/\/zjarr.tv\/en\/wp-json\/wp\/v2\/tags?post=201552"}],"curies":[{"name":"wp","href":"https:\/\/api.w.org\/{rel}","templated":true}]}}