{"id":201748,"date":"2021-09-11T10:57:33","date_gmt":"2021-09-11T08:57:33","guid":{"rendered":"https:\/\/zjarr.tv\/?p=201748"},"modified":"2021-09-11T10:57:33","modified_gmt":"2021-09-11T08:57:33","slug":"flet-edi-rama-u-dhane-rekord-diplomash-pa-vlere-mbyllen-universitetet-qe-nuk-ishin-vatra-dijesh","status":"publish","type":"post","link":"https:\/\/zjarr.tv\/en\/flet-edi-rama-u-dhane-rekord-diplomash-pa-vlere-mbyllen-universitetet-qe-nuk-ishin-vatra-dijesh\/","title":{"rendered":"Flet Edi Rama: U dhan\u00eb rekord diplomash pa vler\u00eb\/ Mbyllen Universitetet q\u00eb nuk ishin vatra dijesh\u2026"},"content":{"rendered":"<p>\u201cUniversitete t\u00eb cilat nuk mund t\u00eb konsideroheshin vatra t\u00eb dijes\u201d. K\u00ebshtu u shpreh kryeministri Edi Rama, nd\u00ebrsa foli p\u00ebr gjendjen n\u00eb t\u00eb cil\u00ebn qeveria e tij i gjeti institucionet arsimore pas ardhjes n\u00eb pushtet. Sipas Ram\u00ebs, akreditimi i universiteteve para mandatit t\u00eb tij t\u00eb par\u00eb, ishte nj\u00eb proces informal dhe diplomat q\u00eb dilnin prej tyre\u00a0 t\u00eb korruptuara.<\/p>\n<p><strong>\u201cVijm\u00eb nga nj\u00eb rrug\u00eb shum\u00eb e p\u00ebrpjet\u00eb dhe pak vite m\u00eb par\u00eb na u desh t\u00eb p\u00ebrballeshim me nj\u00eb situat\u00eb ku rrjeti i universiteteve tona ishte nj\u00eb rrjet i thurrur me oreksev politike. Procesi i akreditimit ishte para se t\u00eb vinim ne, nj\u00eb proces jo profesional, subjektiv. U gjend\u00ebm me dhjetra universitete jasht\u00eb kushteve p\u00ebr t\u2019u konsideruar vatra dijesh, prandaj mbyll\u00ebm shum\u00eb prej tyre. Rekordet ku ne kemi arritur t\u00eb kund\u00ebrt\u00ebn e asaj q\u00eb gjet\u00ebm jan\u00eb v\u00ebrtet mbresl\u00ebn\u00ebse. U gjend\u00ebm me 8 her\u00eb me shum\u00eb universitete se Britania e Madhe p\u00ebr num\u00ebr banor\u00ebsh. arrtit\u00ebm t\u00eb kemi 1432 progame t\u00eb ndryshme m\u00ebsimore a thua se ne i kemi mund\u00ebsit\u00eb t\u00eb p\u00ebrgatisim t\u00eb rinjt\u00eb e k\u00ebtij vendi p\u00ebr kaq shum\u00eb profesione. <\/strong><\/p>\n<p><strong>Nota mesatare ishte 5.5 dhe duhet kujtuar se 5 \u00ebsht\u00eb thjesht nota minimale kaluese, k\u00ebto programe nxirrnin pedagog\u00ebt e ardhsh\u00ebm dhe drejtues. Jan\u00eb dh\u00ebn\u00eb nj\u00eb rekord diplomash, af\u00ebr 1 mij\u00eb, p\u00ebr t\u00eb huaj q\u00eb nuk njihnin gjuh\u00ebn shqipe dhe prezumohej q\u00eb kishin studiuar n\u00eb nj\u00eb program n\u00eb nj\u00eb universitet shqip, aty ku nuk kishte asnj\u00eb program n\u00eb gjuh\u00eb t\u00eb huaj. Jan\u00eb dh\u00ebn\u00eb diploma, por n\u00eb k\u00ebmbim t\u00eb tyre regjistronin sh\u00ebrbime si lyerje e larje, zdrukthtari, etj n\u00eb funskion n\u00eb universitetit, qoft\u00eb p\u00ebr infrastruktur\u00ebn apo p\u00ebr sht\u00ebpin\u00eb e dyt\u00eb t\u00eb pronarit; si pjes\u00eb e pages\u00ebs p\u00ebr t\u00eb hyr\u00eb n\u00eb universitet ishte edhe dh\u00ebnia e lop\u00ebs, misrit etj. Ato student\u00eb q\u00eb nuk hynin dot n\u00eb universitet publike dhe vinin n\u00eb familj\u00eb t\u00eb varfra dhe q\u00eb ofronin p\u00ebr pronar\u00ebt \u00e7far\u00eb kishin mund\u00ebsi si l\u00ebnd\u00eb t\u00eb par\u00eb. N\u00eb vitin 2013, ka patur regjistra, dhe themeltar\u00eb universitetesh ku shkruhej se \u201cX\u201d diploma jan\u00eb t\u00ebrhequr nga shefi dhe i jepeshin atyre q\u00eb s\u2019kishin shkuar asnj\u00eb dit\u00eb n\u00eb universitet.\u201d<\/strong><\/p>\n<p>Nd\u00ebrsa pranoi problematikat dhe v\u00ebshtir\u00ebsit\u00eb me t\u00eb cilat shkollat e larta po ndeshen ende sot, kryeministri Rama deklaroi se nj\u00eb nga sfidat kryesore n\u00eb k\u00ebt\u00eb drejtim \u00ebsht\u00eb nj\u00ebsimi i arsimit me nivelet evropiane.<\/p>\n<p><strong>\u201cSfida m\u00eb e madhe \u00ebsht\u00eb si t\u2019i japin t\u00eb rinjve q\u00eb mbarojn\u00eb gjimnazin me rezultate t\u00eb shk\u00eblqyera,\u00a0 nj\u00eb zgjedhje alternative me zgjedhjen p\u00ebr t\u00eb ikur jasht\u00eb. Nuk kemi q\u00ebllim t\u00eb frenojm\u00eb ikjen e t\u00eb rinjve n\u00eb universitete prestigjioze, por ata q\u00eb duan t\u00eb ikin se k\u00ebtu alternativa \u00ebsht\u00eb larg t\u00eb qenit t\u00ebrheq\u00ebse, \u00ebsht\u00eb ajo q\u00eb na b\u00ebn kok\u00ebulur sot.\u201d<\/strong><\/p>\n<p>Nd\u00ebrkoh\u00eb sot u prezantuan edhe 11 an\u00ebtar\u00ebt e sapoem\u00ebruar n\u00eb Bordin e Akreditimit t\u00eb Agjencis\u00eb s\u00eb Sigurimit t\u00eb Cil\u00ebsis\u00eb n\u00eb Arsimin e Lart\u00eb, ku b\u00ebjn\u00eb pjes\u00eb ekspert\u00eb shqiptar\u00eb dhe t\u00eb huaj.<\/p>","protected":false},"excerpt":{"rendered":"<p>\u201cUniversitete t\u00eb cilat nuk mund t\u00eb konsideroheshin vatra t\u00eb dijes\u201d. K\u00ebshtu u shpreh kryeministri Edi Rama, nd\u00ebrsa foli p\u00ebr gjendjen n\u00eb t\u00eb cil\u00ebn qeveria e tij i gjeti institucionet arsimore pas ardhjes n\u00eb pushtet. Sipas Ram\u00ebs, akreditimi i universiteteve para mandatit t\u00eb tij t\u00eb par\u00eb, ishte nj\u00eb proces informal dhe diplomat q\u00eb dilnin prej tyre\u00a0 [&hellip;]<\/p>\n","protected":false},"author":2016,"featured_media":188648,"comment_status":"closed","ping_status":"closed","sticky":false,"template":"","format":"standard","meta":{"footnotes":""},"categories":[241],"tags":[1667],"class_list":{"0":"post-201748","1":"post","2":"type-post","3":"status-publish","4":"format-standard","5":"has-post-thumbnail","7":"category-aktualitet","8":"tag-lajme-zjarr-flet-edi-rama-zjarr-tv"},"_links":{"self":[{"href":"https:\/\/zjarr.tv\/en\/wp-json\/wp\/v2\/posts\/201748","targetHints":{"allow":["GET"]}}],"collection":[{"href":"https:\/\/zjarr.tv\/en\/wp-json\/wp\/v2\/posts"}],"about":[{"href":"https:\/\/zjarr.tv\/en\/wp-json\/wp\/v2\/types\/post"}],"author":[{"embeddable":true,"href":"https:\/\/zjarr.tv\/en\/wp-json\/wp\/v2\/users\/2016"}],"replies":[{"embeddable":true,"href":"https:\/\/zjarr.tv\/en\/wp-json\/wp\/v2\/comments?post=201748"}],"version-history":[{"count":0,"href":"https:\/\/zjarr.tv\/en\/wp-json\/wp\/v2\/posts\/201748\/revisions"}],"wp:featuredmedia":[{"embeddable":true,"href":"https:\/\/zjarr.tv\/en\/wp-json\/wp\/v2\/media\/188648"}],"wp:attachment":[{"href":"https:\/\/zjarr.tv\/en\/wp-json\/wp\/v2\/media?parent=201748"}],"wp:term":[{"taxonomy":"category","embeddable":true,"href":"https:\/\/zjarr.tv\/en\/wp-json\/wp\/v2\/categories?post=201748"},{"taxonomy":"post_tag","embeddable":true,"href":"https:\/\/zjarr.tv\/en\/wp-json\/wp\/v2\/tags?post=201748"}],"curies":[{"name":"wp","href":"https:\/\/api.w.org\/{rel}","templated":true}]}}