{"id":201773,"date":"2021-09-11T13:11:14","date_gmt":"2021-09-11T11:11:14","guid":{"rendered":"https:\/\/zjarr.tv\/?p=201773"},"modified":"2021-09-11T13:43:30","modified_gmt":"2021-09-11T11:43:30","slug":"myslim-murrizi-ben-deklaraten-e-papritur-gjithomne-e-kam-thene-qe-mes-rames-dhe-bashes-ka-nje","status":"publish","type":"post","link":"https:\/\/zjarr.tv\/en\/myslim-murrizi-ben-deklaraten-e-papritur-gjithomne-e-kam-thene-qe-mes-rames-dhe-bashes-ka-nje\/","title":{"rendered":"Myslim Murrizi b\u00ebn deklarat\u00ebn e papritur: Gjithmon\u00eb e kam th\u00ebn\u00eb q\u00eb mes Ram\u00ebs dhe Bash\u00ebs ka nj\u00eb\u2026"},"content":{"rendered":"<p>Deputeti i PD, Myslim Murrizi, ka folur sa i p\u00ebrket nj\u00eb marr\u00ebveshje mes PD dhe PS. Me an\u00eb t\u00eb nj\u00eb reagimi n\u00eb rrjetet sociale, ai u shpreh se ka deklaruar edhe m\u00eb her\u00ebt se mes kryeministrit Edi Rama dhe liderit t\u00eb PD Lulzim Basha, mund t\u00eb ket\u00eb nj\u00eb marr\u00ebveshje t\u00eb fsheht\u00eb.<\/p>\n<p><em>\u201cKur e thosha un\u00eb prej marsit 2019 q\u00eb jan\u00eb bashk\u00eb Rama me Bash\u00ebn nuk ngeli kopil n\u00eb Facebook, n\u00ebn petkun demokrat pa m\u00eb quajtur tradhtar. Po tani q\u00eb e tha Berisha, kush \u00ebsht\u00eb tradhtari Basha apo Berisha? U k\u00ebnaqa shum\u00eb, q\u00eb si\u00e7 e kam artikuluar prej seanc\u00ebs s\u00eb par\u00eb pas zgjedhjeve t\u00eb 25 prillit q\u00eb gjoja nuk i njihnin nj\u00eb tuf\u00eb spurdhjak\u00ebsh q\u00eb kan\u00eb marr\u00eb drejtimin e PD ndodhi sot. Si fishek\u00eb gjerdani rreshtuar n\u00eb radh\u00eb, u ngrit\u00ebn n\u00eb k\u00ebmb\u00eb dhe u betuan para Luljet\u00ebs s\u00eb PS, Luli dhe t\u00eb gjith\u00eb Luljetat e PD. At\u00ebher\u00eb, a mund ta din\u00eb demokrat\u00ebt dhe shqiptar\u00ebt pse ik\u00ebn nga Parlamenti n\u00eb shkurt 2019 dhe pse dogj\u00ebn mandatet\u201d<\/em>, tha ai.<\/p>\n<p>Nd\u00ebr t\u00eb tjera, ai foli edhe sa u p\u00ebrket largimeve q\u00eb ndodh\u00ebn. Sipas tij edhe k\u00ebto mund t\u00eb jen\u00eb pjes\u00eb e pazarit Rama-Basha.<\/p>\n<p><em>\u201cT\u00eb vetmet \u201cndryshime\u201d jan\u00eb q\u00eb n\u00eb vend t\u00eb Gramozit do t\u00eb jet\u00eb Lindita dhe n\u00eb vend t\u00eb Erjonit do t\u00eb jet\u00eb Arbeni. A thua q\u00eb kjo t\u00eb jet\u00eb \u201cfitorja\u201d e t\u00eb gjith\u00eb k\u00ebsaj beteje prej 27 muajsh? Po Gramozi dhe Erjoni ik\u00ebn vet\u00eb nga postet q\u00eb kishin, nuk duket q\u00eb paska pasur ndikim e gjith\u00eb \u201crezistenca\u201d e atyre q\u00eb k\u00ebndonin si gjela fushe pas \u00e7do proteste! Apo edhe ikja e Gramozit dhe e Erjonit dhe ardhja e Lindit\u00ebs dhe Arbenit, ikja e Najad\u00ebs dhe Lefterit, largimi i Ball\u00ebs, thyerja e her\u00ebsit nga Xhafa etj, jan\u00eb pjes\u00eb e pazarit Rama-Basha\u201d,<\/em>\u00a0tha ai. Sakaq, Murrizi, theksoi se edhe p\u00ebr p\u00ebrjashtimin e Berish\u00ebs, ky i fundit deklaroi vet se \u00ebsht\u00eb pazar i Ram\u00ebs dhe Bash\u00ebs.<\/p>\n<p><em>\u201cSe p\u00ebr shpalljen e Berish\u00ebs \u201cnon grata\u201d nga SHBA dhe \u201cnon grata\u201d e amrik n\u00eb grupin parlamentar nuk ka nevoj\u00eb ta them un\u00eb m\u00eb tani, se e tha Berisha vet\u00eb q\u00eb \u00ebsht\u00eb pjes\u00eb e pazarit Rama-Basha, vet\u00ebm se dat\u00ebn kur \u00ebsht\u00eb b\u00ebr\u00eb pazari nuk e tha, ja l\u00eb ta gjejn\u00eb historian\u00ebt\u201d<\/em>, deklaroi ai.<\/p>","protected":false},"excerpt":{"rendered":"<p>Deputeti i PD, Myslim Murrizi, ka folur sa i p\u00ebrket nj\u00eb marr\u00ebveshje mes PD dhe PS. Me an\u00eb t\u00eb nj\u00eb reagimi n\u00eb rrjetet sociale, ai u shpreh se ka deklaruar edhe m\u00eb her\u00ebt se mes kryeministrit Edi Rama dhe liderit t\u00eb PD Lulzim Basha, mund t\u00eb ket\u00eb nj\u00eb marr\u00ebveshje t\u00eb fsheht\u00eb. \u201cKur e thosha un\u00eb [&hellip;]<\/p>\n","protected":false},"author":2016,"featured_media":181570,"comment_status":"closed","ping_status":"closed","sticky":false,"template":"","format":"standard","meta":{"footnotes":""},"categories":[241],"tags":[5005],"class_list":{"0":"post-201773","1":"post","2":"type-post","3":"status-publish","4":"format-standard","5":"has-post-thumbnail","7":"category-aktualitet","8":"tag-lajme-zjarr-murrizi-ben-deklaraten-e-papritur-zjarr-tv"},"_links":{"self":[{"href":"https:\/\/zjarr.tv\/en\/wp-json\/wp\/v2\/posts\/201773","targetHints":{"allow":["GET"]}}],"collection":[{"href":"https:\/\/zjarr.tv\/en\/wp-json\/wp\/v2\/posts"}],"about":[{"href":"https:\/\/zjarr.tv\/en\/wp-json\/wp\/v2\/types\/post"}],"author":[{"embeddable":true,"href":"https:\/\/zjarr.tv\/en\/wp-json\/wp\/v2\/users\/2016"}],"replies":[{"embeddable":true,"href":"https:\/\/zjarr.tv\/en\/wp-json\/wp\/v2\/comments?post=201773"}],"version-history":[{"count":0,"href":"https:\/\/zjarr.tv\/en\/wp-json\/wp\/v2\/posts\/201773\/revisions"}],"wp:featuredmedia":[{"embeddable":true,"href":"https:\/\/zjarr.tv\/en\/wp-json\/wp\/v2\/media\/181570"}],"wp:attachment":[{"href":"https:\/\/zjarr.tv\/en\/wp-json\/wp\/v2\/media?parent=201773"}],"wp:term":[{"taxonomy":"category","embeddable":true,"href":"https:\/\/zjarr.tv\/en\/wp-json\/wp\/v2\/categories?post=201773"},{"taxonomy":"post_tag","embeddable":true,"href":"https:\/\/zjarr.tv\/en\/wp-json\/wp\/v2\/tags?post=201773"}],"curies":[{"name":"wp","href":"https:\/\/api.w.org\/{rel}","templated":true}]}}