{"id":202169,"date":"2021-09-14T08:38:19","date_gmt":"2021-09-14T06:38:19","guid":{"rendered":"https:\/\/zjarr.tv\/?p=202169"},"modified":"2021-09-14T08:38:19","modified_gmt":"2021-09-14T06:38:19","slug":"fatbardh-kadilli-berisha-ska-cfare-jep-me-basha-shfaqet-sikur-i-dhimbset","status":"publish","type":"post","link":"https:\/\/zjarr.tv\/en\/fatbardh-kadilli-berisha-ska-cfare-jep-me-basha-shfaqet-sikur-i-dhimbset\/","title":{"rendered":"Fatbardh Kadilli: Berisha s\u2019ka \u00e7far\u00eb jep m\u00eb, Basha shfaqet sikur i dhimbset\u2026"},"content":{"rendered":"<p>Ish-kandidati p\u00ebr kryetar t\u00eb PD-s\u00eb, Fatbardh Kadilli, wshtw shprehur i bindur sonte n\u00eb Radarin Informativ n\u00eb ABC p\u00ebrball\u00eb gazetares Jonida Shehu se edhe n\u00ebse do t\u00eb mblidheshin forumet e partis\u00eb, do t\u00eb votonin pro vendimit t\u00eb Lulzim Bash\u00ebs, p\u00ebr t\u00eb p\u00ebrjashtuar Sali Berish\u00ebn nga grupi parlamentar, pasi SHBA e shpalli \u201cnon grata\u201d.<\/p>\n<p>\u201c<em>Jam i bindur q\u00eb forumet jan\u00eb m\u00eb t\u00eb emancipuara p\u00ebr t\u00eb marr\u00eb vendime p\u00ebr t\u00eb mir\u00eb t\u00eb partis\u00eb.\u00a0Edhe tani t\u00eb ulen t\u00eb votojn\u00eb, fiton Basha, t\u00eb siguroj un\u00eb. Vet\u00ebdija politike e k\u00ebsaj partie \u00ebsht\u00eb e madhe<\/em>\u201d tha ai. Kadilli mb\u00ebshtet vendimin p\u00ebr p\u00ebrjashtimin e Berish\u00ebs, por \u00ebsht\u00eb kund\u00ebr m\u00ebnyr\u00ebs si u b\u00eb.<\/p>\n<p>\u201c<em>Ishte e pritshme q\u00eb si me vendim si pa vendim do t\u00eb hynim n\u00eb kriz\u00eb, pasi kemi\u00a0 nj\u00eb dualitet n\u00eb lidership.<\/em><\/p>\n<p><em>Por t\u00eb distanohemi nga e shkuara q\u00eb na mban peng, duhet t\u00eb shikojm\u00eb nga e ardhmja. Me vendimin jam dakord, por jo me rrug\u00ebn e ndjekur. <\/em><em>Nuk ka proces politik brenda saj. I prer\u00eb n\u00eb bes\u00eb ndihet Berisha, i detyruar Basha. Ka nj\u00eb munges\u00eb parimore. Basha duhet t\u00eb jet\u00eb i qart\u00eb, vendimi merret mbi parime, jo se ta k\u00ebrkojn\u00eb amerikan\u00ebt. Ne kemi vendosur t\u00eb kemi nj\u00eb standard. <\/em><em>Basha ka pasur p\u00ebrgjegj\u00ebsi q\u00eb t\u00eb merrte nj\u00eb vendim q\u00eb dit\u00ebn e par\u00eb, q\u00eb t\u00eb mos e shokonte partin\u00eb n\u00eb Kuvend. Mos ngutej p\u00ebr partin\u00eb, vrapoi p\u00ebr t\u00eb siguruar vul\u00ebn dhe an\u00ebtar\u00ebsin\u00eb. Berisha nuk ka m\u00eb cfar\u00eb i jep politik\u00ebs.<\/em><\/p>\n<p><em>Basha shfaqet sikur i dhimbset. Berisha duhet t\u00eb kishte ikur vet\u00eb. Ne nuk e b\u00ebm\u00eb nj\u00eb model q\u00eb ta z\u00ebvend\u00ebsonim, e heqin amerikan\u00ebt dhe \u00ebsht\u00eb turpi jon\u00eb\u201d<\/em> tha ai. Por me cilin krah pozicionohet Kadilli, Berish\u00ebn apo Bash\u00ebn? \u201c<em>Nuk jam as me nj\u00ebrin as me tjetrin. Lufta e Berish\u00ebs nuk ka princip. Puna \u00ebsht\u00eb t\u00eb mos ndahet PD-ja. Duhet t\u00eb jet\u00eb e bashkuar. Uroj q\u00eb Berisha t\u00eb mos b\u00ebj\u00eb fraksion, sepse do ta d\u00ebmtonte m\u00eb shum\u00eb. Un\u00eb q\u00ebndroj n\u00eb PD<\/em>\u201d tha ai. Sali Berisha n\u00eb dit\u00ebt e fundit pasi u p\u00ebrjashtua ka folur p\u00ebr munges\u00eb sovraniteti, por Kadilli ka k\u00ebt\u00eb p\u00ebrgjigje; \u201c<em>\u00c7far\u00eb\u00a0\u00ebsht\u00eb ky sovranitet? Kur t\u00eb preket interesi ty?<\/em>\u201d.<\/p>\n<p>Por cila \u00ebsht\u00eb k\u00ebshilla e tij p\u00ebr demokrat\u00ebt? \u201c<em>Sfid\u00eb ndaj Bash\u00ebs, refuzim ndaj Berish\u00ebs. Un\u00eb nuk l\u00ebviz nga partia. Partia po vuan nga fanatik\u00ebt e Berish\u00ebs dhe opurtonist\u00ebt e Bash\u00ebs<\/em>\u201d. N\u00eb fund, Kadilli kritikoi veprimin e opozit\u00ebs p\u00ebr grisjen e flet\u00ebve t\u00eb votimit n\u00eb seanc\u00ebn e par\u00eb kur u zgjodh kryetarja e Kuvendit, Nikolla. \u201c<em>Operacion shum\u00eb i dob\u00ebt parlamentar. Basha \u00ebsht\u00eb i kompleksuar. Nuk \u00ebsht\u00eb lufta t\u00eb gris\u00ebsh flet\u00ebt dhe t\u2019u biesh tavolinave me grushte. <\/em><em>Shko b\u00ebj opozit\u00eb mos u merr me teat\u00ebr. Cfar\u00eb vlere ka? Jo more, voto kund\u00ebr, ky \u00ebsht\u00eb realitet foshnjor. Kjo i intereson Bash\u00ebs p\u00ebr t\u2019u justifikuar se po b\u00ebn opozit\u00eb t\u00eb fort\u00eb<\/em>\u201d shprehet ai.<\/p>\n<p>&nbsp;<\/p>\n<p>&nbsp;<\/p>","protected":false},"excerpt":{"rendered":"<p>Ish-kandidati p\u00ebr kryetar t\u00eb PD-s\u00eb, Fatbardh Kadilli, wshtw shprehur i bindur sonte n\u00eb Radarin Informativ n\u00eb ABC p\u00ebrball\u00eb gazetares Jonida Shehu se edhe n\u00ebse do t\u00eb mblidheshin forumet e partis\u00eb, do t\u00eb votonin pro vendimit t\u00eb Lulzim Bash\u00ebs, p\u00ebr t\u00eb p\u00ebrjashtuar Sali Berish\u00ebn nga grupi parlamentar, pasi SHBA e shpalli \u201cnon grata\u201d. \u201cJam i bindur [&hellip;]<\/p>\n","protected":false},"author":2016,"featured_media":184185,"comment_status":"closed","ping_status":"closed","sticky":false,"template":"","format":"standard","meta":{"footnotes":""},"categories":[241,1454],"tags":[],"class_list":{"0":"post-202169","1":"post","2":"type-post","3":"status-publish","4":"format-standard","5":"has-post-thumbnail","7":"category-aktualitet","8":"category-politike"},"_links":{"self":[{"href":"https:\/\/zjarr.tv\/en\/wp-json\/wp\/v2\/posts\/202169","targetHints":{"allow":["GET"]}}],"collection":[{"href":"https:\/\/zjarr.tv\/en\/wp-json\/wp\/v2\/posts"}],"about":[{"href":"https:\/\/zjarr.tv\/en\/wp-json\/wp\/v2\/types\/post"}],"author":[{"embeddable":true,"href":"https:\/\/zjarr.tv\/en\/wp-json\/wp\/v2\/users\/2016"}],"replies":[{"embeddable":true,"href":"https:\/\/zjarr.tv\/en\/wp-json\/wp\/v2\/comments?post=202169"}],"version-history":[{"count":0,"href":"https:\/\/zjarr.tv\/en\/wp-json\/wp\/v2\/posts\/202169\/revisions"}],"wp:featuredmedia":[{"embeddable":true,"href":"https:\/\/zjarr.tv\/en\/wp-json\/wp\/v2\/media\/184185"}],"wp:attachment":[{"href":"https:\/\/zjarr.tv\/en\/wp-json\/wp\/v2\/media?parent=202169"}],"wp:term":[{"taxonomy":"category","embeddable":true,"href":"https:\/\/zjarr.tv\/en\/wp-json\/wp\/v2\/categories?post=202169"},{"taxonomy":"post_tag","embeddable":true,"href":"https:\/\/zjarr.tv\/en\/wp-json\/wp\/v2\/tags?post=202169"}],"curies":[{"name":"wp","href":"https:\/\/api.w.org\/{rel}","templated":true}]}}