{"id":202171,"date":"2021-09-14T08:44:32","date_gmt":"2021-09-14T06:44:32","guid":{"rendered":"https:\/\/zjarr.tv\/?p=202171"},"modified":"2021-09-14T08:44:32","modified_gmt":"2021-09-14T06:44:32","slug":"bujar-nishani-perplaset-me-ergys-mertirin-basha-me-veprimet-politike-ka-demtuar-pd-ne-mertiri-me-gjuhen-tuaj-po-krijoni-percarje-ne-parti","status":"publish","type":"post","link":"https:\/\/zjarr.tv\/en\/bujar-nishani-perplaset-me-ergys-mertirin-basha-me-veprimet-politike-ka-demtuar-pd-ne-mertiri-me-gjuhen-tuaj-po-krijoni-percarje-ne-parti\/","title":{"rendered":"Bujar Nishani p\u00ebrplaset me Ergys M\u00ebrtirin: Basha me veprimet politike ka d\u00ebmtuar PD-n\u00eb, M\u00ebrtiri: Me gjuh\u00ebn tuaj po krijoni p\u00ebr\u00e7arje n\u00eb parti\u2026"},"content":{"rendered":"<p style=\"background: white; vertical-align: baseline; margin: 0in 0in 19.5pt 0in;\"><span style=\"color: #222222;\">Ish-presidenti Bujar Nishani, \u00ebsht\u00eb p\u00ebrplasur mbr\u00ebmjen e djeshme me analistin Ergys M\u00ebrtiri, lidhur me \u00e7\u00ebshtjen e p\u00ebrjashtimit t\u00eb Sali Berish\u00ebs nga Lulzim Basha si an\u00ebtar i Grupit Parlamentar t\u00eb PD.<\/span><\/p>\n<p style=\"background: white; vertical-align: baseline; -webkit-tap-highlight-color: transparent !important; box-sizing: border-box; overflow-wrap: break-word; margin: 0in 0in 19.5pt 0in;\"><span style=\"color: #222222;\">Nishani u shpreh se Basha me veprimet e tij ka d\u00ebmtuar PD-n\u00eb dhe vendin, nd\u00ebrsa M\u00ebritiri iu drejtua Nishanit, duke th\u00ebn\u00eb se me shkrimet q\u00eb ky i fundit ka b\u00ebr\u00eb p\u00ebr Bash\u00ebn, sipas tij po p\u00ebr\u00e7an partin\u00eb.<\/span><\/p>\n<p style=\"background: white; vertical-align: baseline; -webkit-tap-highlight-color: transparent !important; box-sizing: border-box; overflow-wrap: break-word; margin: 0in 0in 19.5pt 0in;\"><strong style=\"-webkit-tap-highlight-color: transparent !important; box-sizing: border-box;\"><span style=\"color: #222222;\">Nishani<\/span><\/strong><span style=\"color: #222222;\">: D\u00ebnimi politik i Berish\u00ebs synon asgjesimin e opozit\u00ebs. <em>Basha \u00ebsht\u00eb i marr\u00eb peng nga qeveria. K\u00ebtu \u00ebsht\u00eb problem i asgj\u00ebsimit t\u00eb partis\u00eb. N\u00ebse PD para vendimit p\u00ebr Berish\u00ebn n\u00eb sondazhet m\u00eb serioze kishte m\u00eb pak se n\u00eb 25 prill, tani shkon drejt humner\u00ebs. M\u00eb shqet\u00ebson fakti i d\u00ebnimit politik, i injorimit t\u00eb strukturave t\u00eb PD, m\u00eb shum\u00eb nga t\u00eb gjitha m\u00eb shqet\u00ebson fakti q\u00eb sot p\u00ebr sot kur nuk ka nj\u00eb forc\u00eb asgj\u00ebsimi asgj\u00ebson nj\u00eb alternativ\u00eb qeveris\u00ebse. K\u00ebt\u00eb ka b\u00ebr\u00eb Basha me koshienc\u00eb t\u00eb plot\u00eb.\u00a0<\/em>E shikoj PD q\u00eb q\u00eb po b\u00ebhet inekzistente.<\/span><\/p>\n<p style=\"background: white; vertical-align: baseline; -webkit-tap-highlight-color: transparent !important; box-sizing: border-box; overflow-wrap: break-word; margin: 0in 0in 19.5pt 0in;\"><strong style=\"-webkit-tap-highlight-color: transparent !important; box-sizing: border-box;\"><span style=\"color: #222222;\">M\u00ebrtiri<\/span><\/strong><span style=\"color: #222222;\">: E ke th\u00ebn\u00eb pas zgjedhjeve se PD ka d\u00ebshtuar, i keni b\u00ebr\u00eb shkrim. \u00a0<\/span><\/p>\n<p style=\"background: white; vertical-align: baseline; -webkit-tap-highlight-color: transparent !important; box-sizing: border-box; overflow-wrap: break-word; margin: 0in 0in 19.5pt 0in;\"><strong style=\"-webkit-tap-highlight-color: transparent !important; box-sizing: border-box;\"><span style=\"color: #222222;\">Nishani<\/span><\/strong><span style=\"color: #222222;\">: Ju po mundoheni t\u00eb relativizoni d\u00ebmin q\u00eb Basha i ka b\u00ebr\u00eb PD dhe Shqip\u00ebris\u00eb. N\u00ebse ai do t\u00eb kishte vepruar ndryshe dhe nuk do t\u00eb kishte djegur mandatet, do t\u00eb ishte ndryshe PD-ja.<\/span><\/p>\n<p style=\"background: white; vertical-align: baseline; -webkit-tap-highlight-color: transparent !important; box-sizing: border-box; overflow-wrap: break-word; margin: 0in 0in 19.5pt 0in;\"><strong style=\"-webkit-tap-highlight-color: transparent !important; box-sizing: border-box;\"><span style=\"color: #222222;\">M\u00ebrtiri:<\/span><\/strong><span style=\"color: #222222;\">\u00a0Ju me k\u00ebt\u00eb q\u00eb po thoni p\u00ebr\u00e7ani PD. Gjuha q\u00eb p\u00ebrdorini po e shtyn partin\u00eb drejt nj\u00eb rr\u00ebzimi. \u00a0<\/span><\/p>","protected":false},"excerpt":{"rendered":"<p>Ish-presidenti Bujar Nishani, \u00ebsht\u00eb p\u00ebrplasur mbr\u00ebmjen e djeshme me analistin Ergys M\u00ebrtiri, lidhur me \u00e7\u00ebshtjen e p\u00ebrjashtimit t\u00eb Sali Berish\u00ebs nga Lulzim Basha si an\u00ebtar i Grupit Parlamentar t\u00eb PD. Nishani u shpreh se Basha me veprimet e tij ka d\u00ebmtuar PD-n\u00eb dhe vendin, nd\u00ebrsa M\u00ebritiri iu drejtua Nishanit, duke th\u00ebn\u00eb se me shkrimet q\u00eb [&hellip;]<\/p>\n","protected":false},"author":2016,"featured_media":202172,"comment_status":"closed","ping_status":"closed","sticky":false,"template":"","format":"standard","meta":{"footnotes":""},"categories":[241,1454],"tags":[],"class_list":{"0":"post-202171","1":"post","2":"type-post","3":"status-publish","4":"format-standard","5":"has-post-thumbnail","7":"category-aktualitet","8":"category-politike"},"_links":{"self":[{"href":"https:\/\/zjarr.tv\/en\/wp-json\/wp\/v2\/posts\/202171","targetHints":{"allow":["GET"]}}],"collection":[{"href":"https:\/\/zjarr.tv\/en\/wp-json\/wp\/v2\/posts"}],"about":[{"href":"https:\/\/zjarr.tv\/en\/wp-json\/wp\/v2\/types\/post"}],"author":[{"embeddable":true,"href":"https:\/\/zjarr.tv\/en\/wp-json\/wp\/v2\/users\/2016"}],"replies":[{"embeddable":true,"href":"https:\/\/zjarr.tv\/en\/wp-json\/wp\/v2\/comments?post=202171"}],"version-history":[{"count":0,"href":"https:\/\/zjarr.tv\/en\/wp-json\/wp\/v2\/posts\/202171\/revisions"}],"wp:featuredmedia":[{"embeddable":true,"href":"https:\/\/zjarr.tv\/en\/wp-json\/wp\/v2\/media\/202172"}],"wp:attachment":[{"href":"https:\/\/zjarr.tv\/en\/wp-json\/wp\/v2\/media?parent=202171"}],"wp:term":[{"taxonomy":"category","embeddable":true,"href":"https:\/\/zjarr.tv\/en\/wp-json\/wp\/v2\/categories?post=202171"},{"taxonomy":"post_tag","embeddable":true,"href":"https:\/\/zjarr.tv\/en\/wp-json\/wp\/v2\/tags?post=202171"}],"curies":[{"name":"wp","href":"https:\/\/api.w.org\/{rel}","templated":true}]}}