{"id":202175,"date":"2021-09-14T08:52:00","date_gmt":"2021-09-14T06:52:00","guid":{"rendered":"https:\/\/zjarr.tv\/?p=202175"},"modified":"2021-09-14T08:52:00","modified_gmt":"2021-09-14T06:52:00","slug":"gent-strazimiri-amerika-kishte-certifikuar-lidershipin-dhe-arritjet-e-sali-berishes","status":"publish","type":"post","link":"https:\/\/zjarr.tv\/en\/gent-strazimiri-amerika-kishte-certifikuar-lidershipin-dhe-arritjet-e-sali-berishes\/","title":{"rendered":"Gent Strazimiri: Amerika kishte \u00e7ertifikuar lidershipin dhe arritjet e Sali Berish\u00ebs\u2026"},"content":{"rendered":"<p>An\u00ebtari i kryesis\u00eb s\u00eb Partis\u00eb Demokratike Gent Strazimiri, ka reaguar m\u00eb nj\u00eb postim n\u00eb faqen e tij n\u00eb facebook, p\u00ebr momentet e r\u00ebnd\u00ebsishme q\u00eb ka kaluar Shqip\u00ebria n\u00ebn drejtimin e Sali Berish\u00ebs. \u201cGjith\u00e7ka s\u00eb bashku me Amerik\u00ebn, pasi Amerika kishte \u00e7ertifikuar me shkrim, me goj\u00eb dhe me veprime konkrete lidershipin dhe arritjet e Sali Berish\u00ebs\u201d, shkruan Strazimiri.<\/p>\n<p>Gjithashtu, ai citon n\u00eb postimin e tij edhe deklarat\u00ebn e ish-Sekretares s\u00eb Shtetit Klinton, e cila tha m\u00eb\u00a02012 \u201cse do t\u2019ju nxis dhe do t\u2019i tregoj kujtdo q\u00eb do t\u00eb d\u00ebgjoj\u00eb se n\u00ebse doni t\u00eb shihni demokracin\u00eb e v\u00ebrtet\u00eb n\u00eb veprim, shkoni n\u00eb Shqip\u00ebri\u201d.<\/p>\n<p><strong>Ja postimi i plot\u00eb:<\/strong><\/p>\n<p>* 21 maj 1992 &#8211; Sali Berisha firmos antar\u00ebsimin n\u00eb KE<\/p>\n<p>* 23 shkurt 1994 &#8211; Sali Berisha firmos MK me NATO<\/p>\n<p>* 12 qershor 2006 &#8211; Sali Berisha firmos MSA me BE<\/p>\n<p>* 2 prill 2008 &#8211; Sali Berisha merr ftes\u00ebn p\u00ebr NATO<\/p>\n<p>* 1 prill 2009 &#8211; Sali Berisha firmos antaresimin NATO<\/p>\n<p>* 15 dhjetor 2010 &#8211; Sali Berisha firmos heqjen e vizave<\/p>\n<p>Gjith\u00e7ka s\u00eb bashku me Amerik\u00ebn, pasi Amerika kishte \u00e7ertifikuar me shkrim, me goj\u00eb dhe me veprime konkrete lidershipin dhe arritjet e Sali Berish\u00ebs &#8220;n\u00eb luft\u00ebn kund\u00ebr korrupsionit dhe forcimin e shtetit demokratik n\u00eb Shqip\u00ebri&#8221;. <em>&#8220;Ju shoh juve dhe shoh t\u00eb ardhmen. Besoj q\u00eb do t\u00eb p\u00ebrballeni me sfidat dhe do t\u00eb rrokni mund\u00ebsit\u00eb e shekullit q\u00eb kemi p\u00ebrpara.<\/em><em><br \/>\nDhe, t\u00eb pakt\u00ebn un\u00eb, do t\u2019ju nxis dhe do t\u2019i tregoj kujtdo q\u00eb do t\u00eb d\u00ebgjoj\u00eb se n\u00ebse doni t\u00eb shihni demokracin\u00eb e v\u00ebrtet\u00eb n\u00eb veprim, shkoni n\u00eb Shqip\u00ebri.&#8221;\u00a0<\/em><br \/>\nHillary Clinton, Tiran\u00eb 8 n\u00ebntor 2012.<\/p>","protected":false},"excerpt":{"rendered":"<p>An\u00ebtari i kryesis\u00eb s\u00eb Partis\u00eb Demokratike Gent Strazimiri, ka reaguar m\u00eb nj\u00eb postim n\u00eb faqen e tij n\u00eb facebook, p\u00ebr momentet e r\u00ebnd\u00ebsishme q\u00eb ka kaluar Shqip\u00ebria n\u00ebn drejtimin e Sali Berish\u00ebs. \u201cGjith\u00e7ka s\u00eb bashku me Amerik\u00ebn, pasi Amerika kishte \u00e7ertifikuar me shkrim, me goj\u00eb dhe me veprime konkrete lidershipin dhe arritjet e Sali Berish\u00ebs\u201d, [&hellip;]<\/p>\n","protected":false},"author":2016,"featured_media":0,"comment_status":"closed","ping_status":"closed","sticky":false,"template":"","format":"standard","meta":{"footnotes":""},"categories":[241],"tags":[5022],"class_list":{"0":"post-202175","1":"post","2":"type-post","3":"status-publish","4":"format-standard","6":"category-aktualitet","7":"tag-lajme-zjarr-arritjet-e-sali-berishes-zjarr-tv"},"_links":{"self":[{"href":"https:\/\/zjarr.tv\/en\/wp-json\/wp\/v2\/posts\/202175","targetHints":{"allow":["GET"]}}],"collection":[{"href":"https:\/\/zjarr.tv\/en\/wp-json\/wp\/v2\/posts"}],"about":[{"href":"https:\/\/zjarr.tv\/en\/wp-json\/wp\/v2\/types\/post"}],"author":[{"embeddable":true,"href":"https:\/\/zjarr.tv\/en\/wp-json\/wp\/v2\/users\/2016"}],"replies":[{"embeddable":true,"href":"https:\/\/zjarr.tv\/en\/wp-json\/wp\/v2\/comments?post=202175"}],"version-history":[{"count":0,"href":"https:\/\/zjarr.tv\/en\/wp-json\/wp\/v2\/posts\/202175\/revisions"}],"wp:attachment":[{"href":"https:\/\/zjarr.tv\/en\/wp-json\/wp\/v2\/media?parent=202175"}],"wp:term":[{"taxonomy":"category","embeddable":true,"href":"https:\/\/zjarr.tv\/en\/wp-json\/wp\/v2\/categories?post=202175"},{"taxonomy":"post_tag","embeddable":true,"href":"https:\/\/zjarr.tv\/en\/wp-json\/wp\/v2\/tags?post=202175"}],"curies":[{"name":"wp","href":"https:\/\/api.w.org\/{rel}","templated":true}]}}