{"id":202186,"date":"2021-09-14T10:16:14","date_gmt":"2021-09-14T08:16:14","guid":{"rendered":"https:\/\/zjarr.tv\/?p=202186"},"modified":"2021-09-14T10:19:14","modified_gmt":"2021-09-14T08:19:14","slug":"ylli-manjani-ka-plas-nje-opozite-e-forte-kunder-lindita-nikolles-or-ti-pa-pa-pa-pa-flake-jo-fjale-nxjerr-nga-goja-shoku-luli","status":"publish","type":"post","link":"https:\/\/zjarr.tv\/en\/ylli-manjani-ka-plas-nje-opozite-e-forte-kunder-lindita-nikolles-or-ti-pa-pa-pa-pa-flake-jo-fjale-nxjerr-nga-goja-shoku-luli\/","title":{"rendered":"Ironia e Ylli Manjanit: Ka plas nj\u00eb opozit\u00eb e fort\u00eb kund\u00ebr Lindita Nikoll\u00ebs or ti! Pa pa pa pa, flak\u00eb jo fjal\u00eb nxjerr nga goja shoku Luli\u2026"},"content":{"rendered":"<p>Ylli Manjani, me nota ironie ka reaguar n\u00eb Facebook, lidhur me debatin e djesh\u00ebm q\u00eb u zhvillua n\u00eb Kuvend, mes Bash\u00ebs dhe kryeparlamentares Lindita Nikolli.<\/p>\n<p>Postimi:<\/p>\n<p>\u201c<em>Ka plas\u00eb nj\u00eb opozit\u00eb e fort\u00eb kund\u00ebr Lindita Nikoll\u00ebs or ti\u2026!!!<\/em><\/p>\n<p><em>Pa pa pa pa, flak\u00eb jo fjal\u00eb nxjerr nga goja shoku Luli. <\/em><\/p>\n<p><em>Jo, ta marr\u00eb vesh doktori se Luli \u00ebsht\u00eb n\u00eb opozit\u00eb t\u00eb fort\u00eb me \u2026.. Lindit\u00ebn!<\/em><\/p>\n<p><em>Opozit\u00eb te borderot\u00eb e Ram\u00ebs\u2026\u201d.<\/em><\/p>","protected":false},"excerpt":{"rendered":"<p>Ylli Manjani, me nota ironie ka reaguar n\u00eb Facebook, lidhur me debatin e djesh\u00ebm q\u00eb u zhvillua n\u00eb Kuvend, mes Bash\u00ebs dhe kryeparlamentares Lindita Nikolli. Postimi: \u201cKa plas\u00eb nj\u00eb opozit\u00eb e fort\u00eb kund\u00ebr Lindita Nikoll\u00ebs or ti\u2026!!! Pa pa pa pa, flak\u00eb jo fjal\u00eb nxjerr nga goja shoku Luli. Jo, ta marr\u00eb vesh doktori se [&hellip;]<\/p>\n","protected":false},"author":2016,"featured_media":151241,"comment_status":"closed","ping_status":"closed","sticky":false,"template":"","format":"standard","meta":{"footnotes":""},"categories":[241],"tags":[3608],"class_list":{"0":"post-202186","1":"post","2":"type-post","3":"status-publish","4":"format-standard","5":"has-post-thumbnail","7":"category-aktualitet","8":"tag-lajme-zjarr-ylli-manjani-zjarr-tv"},"_links":{"self":[{"href":"https:\/\/zjarr.tv\/en\/wp-json\/wp\/v2\/posts\/202186","targetHints":{"allow":["GET"]}}],"collection":[{"href":"https:\/\/zjarr.tv\/en\/wp-json\/wp\/v2\/posts"}],"about":[{"href":"https:\/\/zjarr.tv\/en\/wp-json\/wp\/v2\/types\/post"}],"author":[{"embeddable":true,"href":"https:\/\/zjarr.tv\/en\/wp-json\/wp\/v2\/users\/2016"}],"replies":[{"embeddable":true,"href":"https:\/\/zjarr.tv\/en\/wp-json\/wp\/v2\/comments?post=202186"}],"version-history":[{"count":0,"href":"https:\/\/zjarr.tv\/en\/wp-json\/wp\/v2\/posts\/202186\/revisions"}],"wp:featuredmedia":[{"embeddable":true,"href":"https:\/\/zjarr.tv\/en\/wp-json\/wp\/v2\/media\/151241"}],"wp:attachment":[{"href":"https:\/\/zjarr.tv\/en\/wp-json\/wp\/v2\/media?parent=202186"}],"wp:term":[{"taxonomy":"category","embeddable":true,"href":"https:\/\/zjarr.tv\/en\/wp-json\/wp\/v2\/categories?post=202186"},{"taxonomy":"post_tag","embeddable":true,"href":"https:\/\/zjarr.tv\/en\/wp-json\/wp\/v2\/tags?post=202186"}],"curies":[{"name":"wp","href":"https:\/\/api.w.org\/{rel}","templated":true}]}}