{"id":202189,"date":"2021-09-14T10:28:09","date_gmt":"2021-09-14T08:28:09","guid":{"rendered":"https:\/\/zjarr.tv\/?p=202189"},"modified":"2021-09-14T10:28:09","modified_gmt":"2021-09-14T08:28:09","slug":"kancelarja-angela-merkel-mberrin-ne-rinas","status":"publish","type":"post","link":"https:\/\/zjarr.tv\/en\/kancelarja-angela-merkel-mberrin-ne-rinas\/","title":{"rendered":"Kancelarja Angela Merkel mb\u00ebrrin n\u00eb Rinas\u2026"},"content":{"rendered":"<p>Ka mb\u00ebrritur n\u00eb Rinas kancelarja gjermane Angela Merkel. Kancelarja \u00ebsht\u00eb pritur nga Ministrja e Jashtme Olta Xha\u00e7ka dhe ambasadori gjerman n\u00eb Shqip\u00ebri, Peter Zingraf.<\/p>\n<p>Merkel do t\u00eb takohet n\u00eb Tiran\u00eb me liderat e Ballkanit Per\u00ebndimor, n\u00eb kuad\u00ebr t\u00eb Procesit t\u00eb Berlinit. N\u00eb or\u00ebn 10:20 kancelarja do t\u00eb takohet fillimisht me kryeministrin Edi Rama. Pritja e kancelares do t\u00eb nis\u00eb n\u00eb Pallatin e Brigadave dhe do t\u00eb p\u00ebrmbyllet me nj\u00eb konferenca t\u00eb p\u00ebrbashk\u00ebt mes Ram\u00ebs dhe Merkel. Kjo \u00ebsht\u00eb vizita e fundit e Merkel n\u00eb Ballkan, pasi n\u00eb fund t\u00eb Shtatorit dor\u00ebzon detyr\u00ebn si kancelare, pas 16 vitesh.<\/p>\n<p><strong>Agjenda e vizit\u00ebs s\u00eb kancelares gjermane:<\/strong><\/p>\n<p><em>10.20 \u2013 Ceremonia e mikpritjes n\u00eb Pallatin e Brigadave<\/em><\/p>\n<p><em>10.30 \u2013 Takim T\u00eate-\u00e0-t\u00eate mes Kryeministrit Edi Rama dhe Kancelares Angela Merkel n\u00eb Pallatin e Brigadave<\/em><\/p>\n<p><em>11.00 \u2013 Takim bilateral mes dy delegacioneve n\u00eb Pallatin e Brigadave<\/em><\/p>\n<p><em>11.50 \u2013 Mb\u00ebrritja e Kryeministrit dhe krer\u00ebve t\u00eb qeverive t\u00eb Ballkanit n\u00eb Tirana Business Park.<\/em><\/p>\n<p><em>11.55 \u2013 Mb\u00ebrritja e Kancelares Merkel n\u00eb Tirana Business Park<\/em><\/p>\n<p><em>12.00 \u2013 Foto Familjare me krer\u00ebt e delegacioneve n\u00eb Tirana Business Park.<\/em><\/p>\n<p><em>Sinjali me frekuenca satelitore + Livestream n\u00eb Facebook dhe Youtube<\/em><\/p>\n<p><em>14.35 \u2013 Konferenc\u00eb p\u00ebr shtyp mes Kryeministrit Rama dhe Kancelares Merkel n\u00eb Tirana Business Park<\/em><\/p>\n<p>Nd\u00ebrkoh\u00eb n\u00eb kuad\u00ebr t\u00eb vizit\u00ebs s\u00eb kancelares Merkel n\u00eb vendin ton\u00eb, policia ka dh\u00ebn\u00eb detaje n\u00eb lidhje me rrug\u00ebt q\u00eb do t\u00eb jen\u00eb t\u00eb bllokuara gjat\u00ebs vizit\u00ebs s\u00eb saj. Policia b\u00ebri me dije se do t\u00eb ket\u00eb bllokime dhe devijime t\u00eb l\u00ebvizjes s\u00eb automjeteve n\u00eb Rinas-Unaza e Re, Sauk, Rruga e Elbasanit deri tek Pallati i Brigadave, sot nga ora 09:00 deri n\u00eb or\u00ebn 13:00.<img loading=\"lazy\" decoding=\"async\" class=\"alignnone size-full wp-image-202191\" src=\"https:\/\/zjarr.tv\/wp-content\/uploads\/2021\/09\/fo.jpg\" alt=\"\" width=\"640\" height=\"456\" srcset=\"https:\/\/zjarr.tv\/wp-content\/uploads\/2021\/09\/fo.jpg 640w, https:\/\/zjarr.tv\/wp-content\/uploads\/2021\/09\/fo-300x214.jpg 300w, https:\/\/zjarr.tv\/wp-content\/uploads\/2021\/09\/fo-589x420.jpg 589w, https:\/\/zjarr.tv\/wp-content\/uploads\/2021\/09\/fo-100x70.jpg 100w\" sizes=\"auto, (max-width: 640px) 100vw, 640px\" \/><\/p>\n<p>&nbsp;<\/p>","protected":false},"excerpt":{"rendered":"<p>Ka mb\u00ebrritur n\u00eb Rinas kancelarja gjermane Angela Merkel. Kancelarja \u00ebsht\u00eb pritur nga Ministrja e Jashtme Olta Xha\u00e7ka dhe ambasadori gjerman n\u00eb Shqip\u00ebri, Peter Zingraf. Merkel do t\u00eb takohet n\u00eb Tiran\u00eb me liderat e Ballkanit Per\u00ebndimor, n\u00eb kuad\u00ebr t\u00eb Procesit t\u00eb Berlinit. N\u00eb or\u00ebn 10:20 kancelarja do t\u00eb takohet fillimisht me kryeministrin Edi Rama. Pritja e [&hellip;]<\/p>\n","protected":false},"author":2016,"featured_media":202190,"comment_status":"closed","ping_status":"closed","sticky":false,"template":"","format":"standard","meta":{"footnotes":""},"categories":[241],"tags":[],"class_list":{"0":"post-202189","1":"post","2":"type-post","3":"status-publish","4":"format-standard","5":"has-post-thumbnail","7":"category-aktualitet"},"_links":{"self":[{"href":"https:\/\/zjarr.tv\/en\/wp-json\/wp\/v2\/posts\/202189","targetHints":{"allow":["GET"]}}],"collection":[{"href":"https:\/\/zjarr.tv\/en\/wp-json\/wp\/v2\/posts"}],"about":[{"href":"https:\/\/zjarr.tv\/en\/wp-json\/wp\/v2\/types\/post"}],"author":[{"embeddable":true,"href":"https:\/\/zjarr.tv\/en\/wp-json\/wp\/v2\/users\/2016"}],"replies":[{"embeddable":true,"href":"https:\/\/zjarr.tv\/en\/wp-json\/wp\/v2\/comments?post=202189"}],"version-history":[{"count":0,"href":"https:\/\/zjarr.tv\/en\/wp-json\/wp\/v2\/posts\/202189\/revisions"}],"wp:featuredmedia":[{"embeddable":true,"href":"https:\/\/zjarr.tv\/en\/wp-json\/wp\/v2\/media\/202190"}],"wp:attachment":[{"href":"https:\/\/zjarr.tv\/en\/wp-json\/wp\/v2\/media?parent=202189"}],"wp:term":[{"taxonomy":"category","embeddable":true,"href":"https:\/\/zjarr.tv\/en\/wp-json\/wp\/v2\/categories?post=202189"},{"taxonomy":"post_tag","embeddable":true,"href":"https:\/\/zjarr.tv\/en\/wp-json\/wp\/v2\/tags?post=202189"}],"curies":[{"name":"wp","href":"https:\/\/api.w.org\/{rel}","templated":true}]}}