{"id":202199,"date":"2021-09-14T11:33:33","date_gmt":"2021-09-14T09:33:33","guid":{"rendered":"https:\/\/zjarr.tv\/?p=202199"},"modified":"2021-09-14T11:33:33","modified_gmt":"2021-09-14T09:33:33","slug":"nyt-mbi-afganet-ne-shqiperi-thone-se-jane-refugjate-luksoze-shkojne-ne-plazh-e-shohin-gra-gjysme-te-zhveshura","status":"publish","type":"post","link":"https:\/\/zjarr.tv\/en\/nyt-mbi-afganet-ne-shqiperi-thone-se-jane-refugjate-luksoze-shkojne-ne-plazh-e-shohin-gra-gjysme-te-zhveshura\/","title":{"rendered":"NYT, mbi afganet n\u00eb Shqip\u00ebri: Thon\u00eb se jan\u00eb refugjat\u00eb luksoz\u00eb, shkojn\u00eb n\u00eb plazh e shohin gra gjysm\u00eb t\u00eb zhveshura\u2026"},"content":{"rendered":"<p>Nj\u00eb studente mjek\u00ebsie nga Afganistani, nuk mund t\u00eb p\u00ebrshkruante dot emocionet pas nj\u00eb traume q\u00eb kishte p\u00ebsuar nga taleban\u00ebt n\u00eb vendin e saj, teksa priste fluturimin nga aeroporti i Kabulit, n\u00eb momentin kur pa nga dritarja e banes\u00ebs s\u00eb tij t\u00eb re pa nj\u00eb Statuj\u00eb Lirie. <em>\u201cMendova p\u00ebr nj\u00eb moment se isha n\u00eb SHBA\u201d,<\/em> tha Tahera, 21-vje\u00e7arja nga Afganistani. Por n\u00eb vend t\u00eb materialit t\u00eb bakrit, kjo statuj\u00eb e b\u00ebr\u00eb me suva ndodhej n\u00eb Shqip\u00ebri, pran\u00eb hotelit ku ajo po q\u00ebndron n\u00eb veri t\u00eb Shqip\u00ebris\u00eb. K\u00ebshtu nis artikulli i New York Times, p\u00ebr afgan\u00ebt e strehuar n\u00eb Shqip\u00ebri. Ajo shkruan se Shqip\u00ebria, edhe pse nj\u00eb nga vendet m\u00eb t\u00eb varfra n\u00eb bot\u00eb \u00ebsht\u00eb zotuar t\u00eb pres\u00eb deri n\u00eb 4 mij\u00eb refugjat\u00eb afgan\u00eb, m\u00eb shum\u00eb se \u00e7do vend tjet\u00ebr. Deri m\u00eb tani kan\u00eb mb\u00ebrritur 677-t\u00eb prej tyre p\u00ebrfshir\u00eb edhe 250 f\u00ebmij\u00eb q\u00eb po q\u00ebndrojn\u00eb n\u00eb vendpushimet buz\u00eb bregdetit Adriatik, nj\u00eb praktik\u00eb e bazuar n\u00eb nj\u00eb qasje t\u00eb m\u00ebparshme t\u00eb reagimit n\u00eb raste emergjence nga Shqip\u00ebria pas t\u00ebrmetit t\u00eb vitit 2019, ku njer\u00ebzit e pastreh\u00eb u akomoduan n\u00eb hotele. Nj\u00eb aktiviste afgane e cila kishte punuar n\u00eb projekte t\u00eb financuara nga SHBA, tha se ishte e prekur nga mikpritja e shqiptar\u00ebve, por ka nj\u00eb peng n\u00eb vendin e saj.<\/p>\n<p><em>\u201cUn\u00eb shoh n\u00eb \u00ebnd\u00ebrr sikur familja ime po vdes\u201d<\/em>, tha ajo. <em>Vendimi p\u00ebr t\u00eb mir\u00ebpritur afgan\u00ebt duket se \u00ebsht\u00eb di\u00e7ka e zakont\u00eb n\u00eb Shqip\u00ebri, nj\u00eb vend me nj\u00eb histori t\u00eb gjat\u00eb t\u00eb ikjes s\u00eb popullsis\u00eb.\u00a0Ndihma p\u00ebr refugjat\u00ebt \u201c\u00ebsht\u00eb gj\u00ebja e duhur dhe m\u00eb e natyrshme p\u00ebr t\u00eb b\u00ebr\u00eb\u201d,<\/em> tha kryeministri Edi Rama n\u00eb nj\u00eb intervist\u00eb. Nd\u00ebrsa politikan\u00ebt e opozit\u00ebs n\u00eb Franc\u00eb, Gjermani dhe vende t\u00eb tjera evropiane kan\u00eb shprehur frik\u00eb nga refugjat\u00ebt dhe emigrant\u00ebt. Kund\u00ebrshtar\u00ebt e zotit Rama kryesisht kan\u00eb heshtur ose kan\u00eb mb\u00ebshtetur pritjen e tij nga afgan\u00ebt. <em>\u201cNe nuk i vendosim njer\u00ebzit n\u00eb kampe. T\u00eb gjitha problemet fillojn\u00eb psikologjikisht, \u201dtha Kryeministri. \u201cNe kemi qen\u00eb si ata disa her\u00eb n\u00eb historin\u00eb ton\u00eb. Ata thjesht po p\u00ebrpiqen t\u00eb ikin nga ferri\u201d.\u00a0<\/em>Tahera, studentja e mjek\u00ebsis\u00eb, ndan nj\u00eb dhom\u00eb me nj\u00eb grua afgane, e cila humbi t\u00eb dy duart n\u00eb nj\u00eb sulm me bomb\u00eb n\u00eb Afganistan. Tani Tahera d\u00ebshiron t\u00eb m\u00ebsoj\u00eb t\u00eb notoj\u00eb, p\u00ebr t\u00eb shp\u00ebrqendruar veten nga trauma.\u00a0Ajo d\u00ebshiron t\u00eb m\u00ebsoj\u00eb t\u00eb ngas\u00eb bi\u00e7iklet\u00ebn gj\u00eb q\u00eb shoq\u00ebria n\u00eb Afganistan nuk e pranon p\u00ebr grat\u00eb.<\/p>\n<p>Shqip\u00ebria, nj\u00eb an\u00ebtare e NATO-s q\u00eb d\u00ebrgoi trupa n\u00eb Afganistan p\u00ebr t\u2019u bashkuar me p\u00ebrpjekjet e udh\u00ebhequra nga SHBA p\u00ebr t\u2019i mbajtur taleban\u00ebt larg. Kur ushtria amerikane vendosi n\u00eb 2006, q\u00eb nj\u00eb grup ujgur\u00ebsh kinez\u00eb q\u00eb i kishte mbajtur rob p\u00ebr kat\u00ebr vjet n\u00eb Guantanamo Bay, Kub\u00eb, Shqip\u00ebria ra dakord t\u2019u jepte atyre nj\u00eb vend p\u00ebr t\u00eb jetuar. Por Rama tha p\u00ebr mikpritjen e afgan\u00ebve:<em> \u201cNe nuk po e b\u00ebjm\u00eb k\u00ebt\u00eb sepse amerikan\u00ebt na e kan\u00eb k\u00ebrkuar\u201d.\u00a0<\/em>Dhomat p\u00ebr afgan\u00ebt po mbulohen nga organizata t\u00eb huaja, si National Endowment for Democracy dhe Fondacioni Yalda Hakim, i cili u krijua nga nj\u00eb gazetare e BBC me origjin\u00eb afgane. Fondacionet e Shoq\u00ebris\u00eb s\u00eb Hapur t\u00eb George Soros, po paguajn\u00eb p\u00ebr 135 afgan\u00eb q\u00eb punuan me organizat\u00ebn n\u00eb Afganistan, p\u00ebr t\u00eb q\u00ebndruar n\u00eb nj\u00eb hotel. (Organizata negocioi nj\u00eb zbritje t\u00eb madhe). <em>\u201cNuk e dija q\u00eb kishte kaq shum\u00eb afgan\u00eb q\u00eb jetonin k\u00ebtu, por ata nuk m\u00eb shqet\u00ebsojn\u00eb,\u201d<\/em>\u00a0tha Besnik Zeqiri, nj\u00eb shqiptar nga Kosova i cili emigroi n\u00eb Shtetet e Bashkuara.<em>\u00a0\u201cAta jan\u00eb t\u00eb gjith\u00eb njer\u00ebzor\u00eb dhe duhet t\u00eb mbrohen\u201d.<\/em><\/p>\n<p>Liri Gezon, nj\u00eb tjet\u00ebr turiste, tha se ai pa afgan\u00eb t\u00eb tmerruar n\u00eb aeroportin e Kabulit n\u00eb televizor dhe ishte i lumtur t\u2019i shihte ata t\u00eb sigurt n\u00eb Shqip\u00ebri.\u00a0<em>\u201cAta nuk na krijojn\u00eb asnj\u00eb problem dhe meritojn\u00eb t\u00eb jetojn\u00eb si ne,\u201d<\/em> tha ai, duke kujtuar sesi qindra mij\u00ebra shqiptar\u00eb etnik\u00eb, u larguan nga Kosova p\u00ebr t\u2019i shp\u00ebtuar forcave serbe n\u00eb fund t\u00eb viteve 1990. Ministrja e Jashtme shqiptare Olta Xhacka, tha n\u00eb nj\u00eb intervist\u00eb se evakuuarit afgan\u00eb fillimisht pritej t\u00eb q\u00ebndronin p\u00ebr disa muaj, teksa vijon procesin p\u00ebr vizat e tyre n\u00eb Shtetet e Bashkuara. <em>\u201cPor ne tani po supozojm\u00eb se ata do t\u00eb q\u00ebndrojn\u00eb n\u00eb Shqip\u00ebri p\u00ebr t\u00eb pakt\u00ebn nj\u00eb vit, ndoshta m\u00eb shum\u00eb,\u201d<\/em>\u00a0tha ajo, duke shtuar se ata q\u00eb nuk mund t\u00eb marrin viz\u00eb p\u00ebr t\u00eb l\u00ebvizur diku tjet\u00ebr, do t\u00eb ishin t\u00eb mir\u00ebpritur t\u00eb q\u00ebndrojn\u00eb\u00a0n\u00eb Shqip\u00ebri.<\/p>\n<p>Wahab, nj\u00eb gazetar q\u00eb ndihmoi drejtimin e nj\u00eb agjencie lajmesh t\u00eb financuar nga SHBA u largua nga Afganistani me gruan dhe tre f\u00ebmij\u00ebt e tij, me ndihm\u00ebn e Fondit Komb\u00ebtar p\u00ebr Demokracin\u00eb. <em>\u201cNe jemi refugjat\u00eb luksoz\u00eb,<\/em>\u201d tha ai duke qeshur.<em>\u00a0\u201cNe shkojm\u00eb n\u00eb plazh dhe shohim gra gjysm\u00eb t\u00eb zhveshura. Ne flem\u00eb, ham\u00eb dhe shkojm\u00eb n\u00eb plazh. P\u00ebr shumic\u00ebn e njer\u00ebzve, kjo do t\u00eb dukej si parajs\u00eb\u201d,<\/em> tha ai. Nj\u00eb redaktore, e cila k\u00ebrkoi t\u00eb mos prezantohej me em\u00ebr sepse familja e saj mori k\u00ebrc\u00ebnime nga taleban\u00ebt, tha se ajo kishte<em>\u00a0\u201chequr dor\u00eb nga shpresa n\u00eb Afganistan\u201d<\/em>\u00a0dhe mendonte se Shtetet e Bashkuara kishin<em>\u00a0\u201clloj t\u00eb drejt\u00eb\u201d t\u00eb t\u00ebrhiqeshin, sepse asgj\u00eb nuk po ndryshonte v\u00ebrtet\u201d.<\/em><\/p>\n<p><strong>Burimi: The New York Times\u00a0<\/strong><\/p>","protected":false},"excerpt":{"rendered":"<p>Nj\u00eb studente mjek\u00ebsie nga Afganistani, nuk mund t\u00eb p\u00ebrshkruante dot emocionet pas nj\u00eb traume q\u00eb kishte p\u00ebsuar nga taleban\u00ebt n\u00eb vendin e saj, teksa priste fluturimin nga aeroporti i Kabulit, n\u00eb momentin kur pa nga dritarja e banes\u00ebs s\u00eb tij t\u00eb re pa nj\u00eb Statuj\u00eb Lirie. \u201cMendova p\u00ebr nj\u00eb moment se isha n\u00eb SHBA\u201d, tha [&hellip;]<\/p>\n","protected":false},"author":2016,"featured_media":202200,"comment_status":"closed","ping_status":"closed","sticky":false,"template":"","format":"standard","meta":{"footnotes":""},"categories":[241],"tags":[5024],"class_list":{"0":"post-202199","1":"post","2":"type-post","3":"status-publish","4":"format-standard","5":"has-post-thumbnail","7":"category-aktualitet","8":"tag-lajme-zjarr-mbi-afganet-ne-shqiperi-zjarr-tv"},"_links":{"self":[{"href":"https:\/\/zjarr.tv\/en\/wp-json\/wp\/v2\/posts\/202199","targetHints":{"allow":["GET"]}}],"collection":[{"href":"https:\/\/zjarr.tv\/en\/wp-json\/wp\/v2\/posts"}],"about":[{"href":"https:\/\/zjarr.tv\/en\/wp-json\/wp\/v2\/types\/post"}],"author":[{"embeddable":true,"href":"https:\/\/zjarr.tv\/en\/wp-json\/wp\/v2\/users\/2016"}],"replies":[{"embeddable":true,"href":"https:\/\/zjarr.tv\/en\/wp-json\/wp\/v2\/comments?post=202199"}],"version-history":[{"count":0,"href":"https:\/\/zjarr.tv\/en\/wp-json\/wp\/v2\/posts\/202199\/revisions"}],"wp:featuredmedia":[{"embeddable":true,"href":"https:\/\/zjarr.tv\/en\/wp-json\/wp\/v2\/media\/202200"}],"wp:attachment":[{"href":"https:\/\/zjarr.tv\/en\/wp-json\/wp\/v2\/media?parent=202199"}],"wp:term":[{"taxonomy":"category","embeddable":true,"href":"https:\/\/zjarr.tv\/en\/wp-json\/wp\/v2\/categories?post=202199"},{"taxonomy":"post_tag","embeddable":true,"href":"https:\/\/zjarr.tv\/en\/wp-json\/wp\/v2\/tags?post=202199"}],"curies":[{"name":"wp","href":"https:\/\/api.w.org\/{rel}","templated":true}]}}