{"id":202202,"date":"2021-09-14T12:09:05","date_gmt":"2021-09-14T10:09:05","guid":{"rendered":"https:\/\/zjarr.tv\/?p=202202"},"modified":"2021-09-14T12:46:58","modified_gmt":"2021-09-14T10:46:58","slug":"ironia-e-julian-dedes-zogu-do-mbahet-mend-si-mbreti-i-shqiptareve-nano-si-kryeminister-i-zgjuar-sali-berisha-si-lideri-qe-ngriti-lart-dinjitetin-kombetar-rama-si-lideri-qe-erdhi-tre-here-ne-pushte","status":"publish","type":"post","link":"https:\/\/zjarr.tv\/en\/ironia-e-julian-dedes-zogu-do-mbahet-mend-si-mbreti-i-shqiptareve-nano-si-kryeminister-i-zgjuar-sali-berisha-si-lideri-qe-ngriti-lart-dinjitetin-kombetar-rama-si-lideri-qe-erdhi-tre-here-ne-pushte\/","title":{"rendered":"Ironia e Julian Ded\u00ebs: Zogu do mbahet mend si mbreti i shqiptar\u00ebve, Nano si Kryeminist\u00ebr i zgjuar, Sali Berisha si lideri q\u00eb ngriti lart dinjitetin komb\u00ebtar, Rama si lideri q\u00eb erdhi tre her\u00eb n\u00eb pushtet dhe nuk b\u00ebri asgj\u00eb, Basha si ai q\u00eb humbjen e ktheu n\u00eb normalitet\u2026"},"content":{"rendered":"<p>Aktori i humorit Julian Deda, me an\u00eb t\u00eb nj\u00eb postimi n\u00eb Facebook, ka b\u00ebr\u00eb nj\u00eb reagim me nota ironie, duke nxjerr\u00eb n\u00eb pah se cila ka qen\u00eb ajo e mir\u00eb q\u00eb ka ardhur nga Edi Rama. Sipas tij, Zogu do t\u00eb mbahet mend si mbreti i shqiptar\u00ebve, Berisha si lideri q\u00eb shembi komunizmin, Basha si nj\u00eb njeri q\u00eb humbjen e pa si nj\u00eb gj\u00eb normale, nd\u00ebrsa Rama i pari q\u00eb erdhi tre her\u00eb n\u00eb pushtet dhe nuk b\u00ebri asgj\u00eb, k\u00ebshtu shprehet aktori.<\/p>\n<p><strong>\u00a0<\/strong><strong>Nga Julian Deda<\/strong><br \/>\nPostimi:<br \/>\n\u201c<em>Ahmet Zogu do mbahet mend si mbreti i shqiptar\u00ebve. <\/em><em>Enver Hoxha do mbahet mend si diktatori m\u00eb kirminel m\u00eb i posht\u00ebr q\u00eb udh\u00ebhoqi vendin drejt mjerimit. <\/em><em>Fatos Nano do mbahet mend si nj\u00eb kryeminist\u00ebr i zgjuar p\u00ebr t\u00eb menaxhuar bandit\u00ebt e 97, aventurier dhe liberal, i cili po t\u00eb punonte pak m\u00eb shum\u00eb mund t\u00eb b\u00ebnte diferenc\u00ebn.<\/em><\/p>\n<p><em>Sali Berisha do mbahet mend si lideri q\u00eb, udh\u00ebhoqi shqiptar\u00ebt n\u00eb procesin e shembjes s\u00eb komunizmit, q\u00eb ngriti lart dinjitetin komb\u00ebtar, duke mbrojtur fort interesat e kombit, i dha Shqip\u00ebris\u00eb nj\u00eb tjet\u00ebr dimension, duke e an\u00ebtar\u00ebsuar n\u00eb NATO dhe duke realizuar l\u00ebvizjen e lir\u00eb dhe pa viza t\u00eb shqiptar\u00ebve.\u00a0 <\/em><em>Edi Rama do mbahet mend si lideri i vet\u00ebm n\u00eb planet q\u00eb erdhi tre here n\u00eb pushtet, duke mos b\u00ebr\u00eb asgj\u00eb, pa asnj\u00eb program dhe me tuta. <\/em><em>Lul Basha do mbahet mend si personi q\u00eb e ktheu humbjen e nj\u00eb partie n\u00eb normalitet\u201d.<img loading=\"lazy\" decoding=\"async\" class=\"alignnone size-full wp-image-202204\" src=\"https:\/\/zjarr.tv\/wp-content\/uploads\/2021\/09\/jul.png\" alt=\"\" width=\"644\" height=\"463\" \/><\/em><\/p>","protected":false},"excerpt":{"rendered":"<p>Aktori i humorit Julian Deda, me an\u00eb t\u00eb nj\u00eb postimi n\u00eb Facebook, ka b\u00ebr\u00eb nj\u00eb reagim me nota ironie, duke nxjerr\u00eb n\u00eb pah se cila ka qen\u00eb ajo e mir\u00eb q\u00eb ka ardhur nga Edi Rama. Sipas tij, Zogu do t\u00eb mbahet mend si mbreti i shqiptar\u00ebve, Berisha si lideri q\u00eb shembi komunizmin, Basha si [&hellip;]<\/p>\n","protected":false},"author":2016,"featured_media":202203,"comment_status":"closed","ping_status":"closed","sticky":false,"template":"","format":"standard","meta":{"footnotes":""},"categories":[241,3366],"tags":[5025],"class_list":{"0":"post-202202","1":"post","2":"type-post","3":"status-publish","4":"format-standard","5":"has-post-thumbnail","7":"category-aktualitet","8":"category-koment","9":"tag-lajme-zjarr-ironia-e-julian-dedes-zjarr-tv"},"_links":{"self":[{"href":"https:\/\/zjarr.tv\/en\/wp-json\/wp\/v2\/posts\/202202","targetHints":{"allow":["GET"]}}],"collection":[{"href":"https:\/\/zjarr.tv\/en\/wp-json\/wp\/v2\/posts"}],"about":[{"href":"https:\/\/zjarr.tv\/en\/wp-json\/wp\/v2\/types\/post"}],"author":[{"embeddable":true,"href":"https:\/\/zjarr.tv\/en\/wp-json\/wp\/v2\/users\/2016"}],"replies":[{"embeddable":true,"href":"https:\/\/zjarr.tv\/en\/wp-json\/wp\/v2\/comments?post=202202"}],"version-history":[{"count":0,"href":"https:\/\/zjarr.tv\/en\/wp-json\/wp\/v2\/posts\/202202\/revisions"}],"wp:featuredmedia":[{"embeddable":true,"href":"https:\/\/zjarr.tv\/en\/wp-json\/wp\/v2\/media\/202203"}],"wp:attachment":[{"href":"https:\/\/zjarr.tv\/en\/wp-json\/wp\/v2\/media?parent=202202"}],"wp:term":[{"taxonomy":"category","embeddable":true,"href":"https:\/\/zjarr.tv\/en\/wp-json\/wp\/v2\/categories?post=202202"},{"taxonomy":"post_tag","embeddable":true,"href":"https:\/\/zjarr.tv\/en\/wp-json\/wp\/v2\/tags?post=202202"}],"curies":[{"name":"wp","href":"https:\/\/api.w.org\/{rel}","templated":true}]}}