{"id":202206,"date":"2021-09-14T12:21:16","date_gmt":"2021-09-14T10:21:16","guid":{"rendered":"https:\/\/zjarr.tv\/?p=202206"},"modified":"2021-09-14T12:21:16","modified_gmt":"2021-09-14T10:21:16","slug":"vizita-e-merkel-ne-tirane-dera-e-mercedesit-nuk-hapej-rama-i-zgjati-doren-ajo-e-pershendeti-me-grusht-himni-u-degjua-ulur","status":"publish","type":"post","link":"https:\/\/zjarr.tv\/en\/vizita-e-merkel-ne-tirane-dera-e-mercedesit-nuk-hapej-rama-i-zgjati-doren-ajo-e-pershendeti-me-grusht-himni-u-degjua-ulur\/","title":{"rendered":"Vizita e Merkel n\u00eb Tiran\u00eb\/ Dera e Mercedesit nuk hapej, Rama i zgjati dor\u00ebn ajo e p\u00ebrsh\u00ebndeti me grusht, himni u d\u00ebgjua ulur\u2026"},"content":{"rendered":"<p>Kancelarja gjermane Angela Merkel, ka mb\u00ebrritur paraditen e sotme n\u00eb Shqip\u00ebri, reth or\u00ebs 10.00 avioni i saj \u00ebsht\u00eb ulur n\u00eb Aeroportin Nd\u00ebrkomb\u00ebtar \u201cN\u00ebn\u00eb Tereza\u201d.<\/p>\n<p>N\u00eb Rinas Merkel u prit nga shefja e diplomacis\u00eb shqiptare Olta Xha\u00e7ka, nd\u00ebrsa n\u00eb Pallatin e Brigadave ishte vet\u00eb Edi Rama. Gjat\u00eb ceremonis\u00eb zyrtare, pati dhe tre momente q\u00eb nuk shkuan si\u00e7 duhet, t\u00eb cilat ne po ua sjellim m\u00eb posht\u00eb.<\/p>\n<ol>\n<li>Sapo mb\u00ebrriti n\u00eb Pallatin e Brigadave, p\u00ebrmes pamjeve t\u00eb drejtp\u00ebrdrejta u pa se truproja tentoi tre her\u00eb t\u00eb hapte der\u00ebn e Mercedesit t\u00eb kancelares, por ajo ishte bllokuar.<\/li>\n<li>Menj\u00ebher\u00eb sapo doli nga makina, Merkel u takua me kryeministrin Rama i cili prej disa minutash priste n\u00eb k\u00ebmb\u00eb. Kreu i qeveris\u00eb shqiptare i zgjati dor\u00ebn ta takonte kancelaren gjemane, nd\u00ebrsa ajo duke qeshur e p\u00ebrsh\u00ebndeti me grusht.<\/li>\n<\/ol>\n<p><strong>III.\u00a0<\/strong>T\u00eb dy iu drejtuan m\u00eb pas trup\u00ebs s\u00eb Gard\u00ebs s\u00eb Republik\u00ebs, ku u zhvillua ceremonia zyrtare. Ajo q\u00eb ra n\u00eb sy ishte se p\u00ebr her\u00eb t\u00eb par\u00eb himni degjohet ulur nga dy personalitetet.<\/p>\n<p><strong><em>\u2013 Cila ishte<\/em><\/strong>\u00a0<strong><em>arsyeja q\u00eb lidhet me d\u00ebgjimin e himnit ulur?<\/em><\/strong> M\u00ebsohet se kancelarja Angela Merkel p\u00ebr shkak se \u00ebsht\u00eb e s\u00ebmur\u00eb, kudo q\u00eb shkon k\u00ebrkon karrige p\u00ebr t\u2019u ulur. Po ashtu, ulur q\u00ebndroi dhe kryeministri Rama. E njejta gj\u00eb ndodhi dhe n\u00eb Serbi, ku Merkel ishte dje. Shefja \u201cde facto\u201d e Europ\u00ebs q\u00ebndronte ulur n\u00eb karrige, nd\u00ebrsa presidenti serb Aleksand\u00ebr Vu\u00e7i\u00e7, q\u00ebndroi n\u00eb k\u00ebmb\u00eb.<\/p>","protected":false},"excerpt":{"rendered":"<p>Kancelarja gjermane Angela Merkel, ka mb\u00ebrritur paraditen e sotme n\u00eb Shqip\u00ebri, reth or\u00ebs 10.00 avioni i saj \u00ebsht\u00eb ulur n\u00eb Aeroportin Nd\u00ebrkomb\u00ebtar \u201cN\u00ebn\u00eb Tereza\u201d. N\u00eb Rinas Merkel u prit nga shefja e diplomacis\u00eb shqiptare Olta Xha\u00e7ka, nd\u00ebrsa n\u00eb Pallatin e Brigadave ishte vet\u00eb Edi Rama. Gjat\u00eb ceremonis\u00eb zyrtare, pati dhe tre momente q\u00eb nuk shkuan [&hellip;]<\/p>\n","protected":false},"author":2016,"featured_media":202207,"comment_status":"closed","ping_status":"closed","sticky":false,"template":"","format":"standard","meta":{"footnotes":""},"categories":[241],"tags":[5026],"class_list":{"0":"post-202206","1":"post","2":"type-post","3":"status-publish","4":"format-standard","5":"has-post-thumbnail","7":"category-aktualitet","8":"tag-lajme-zjarr-vizita-e-merkel-ne-tirane-zjarr-tv"},"_links":{"self":[{"href":"https:\/\/zjarr.tv\/en\/wp-json\/wp\/v2\/posts\/202206","targetHints":{"allow":["GET"]}}],"collection":[{"href":"https:\/\/zjarr.tv\/en\/wp-json\/wp\/v2\/posts"}],"about":[{"href":"https:\/\/zjarr.tv\/en\/wp-json\/wp\/v2\/types\/post"}],"author":[{"embeddable":true,"href":"https:\/\/zjarr.tv\/en\/wp-json\/wp\/v2\/users\/2016"}],"replies":[{"embeddable":true,"href":"https:\/\/zjarr.tv\/en\/wp-json\/wp\/v2\/comments?post=202206"}],"version-history":[{"count":0,"href":"https:\/\/zjarr.tv\/en\/wp-json\/wp\/v2\/posts\/202206\/revisions"}],"wp:featuredmedia":[{"embeddable":true,"href":"https:\/\/zjarr.tv\/en\/wp-json\/wp\/v2\/media\/202207"}],"wp:attachment":[{"href":"https:\/\/zjarr.tv\/en\/wp-json\/wp\/v2\/media?parent=202206"}],"wp:term":[{"taxonomy":"category","embeddable":true,"href":"https:\/\/zjarr.tv\/en\/wp-json\/wp\/v2\/categories?post=202206"},{"taxonomy":"post_tag","embeddable":true,"href":"https:\/\/zjarr.tv\/en\/wp-json\/wp\/v2\/tags?post=202206"}],"curies":[{"name":"wp","href":"https:\/\/api.w.org\/{rel}","templated":true}]}}