{"id":202209,"date":"2021-09-14T12:46:10","date_gmt":"2021-09-14T10:46:10","guid":{"rendered":"https:\/\/zjarr.tv\/?p=202209"},"modified":"2021-09-14T12:54:19","modified_gmt":"2021-09-14T10:54:19","slug":"mbyllet-sondazhi-73-3-perqind-e-shqiptareve-vendimi-i-bashes-per-berishen-eshte-i-gabuar","status":"publish","type":"post","link":"https:\/\/zjarr.tv\/en\/mbyllet-sondazhi-73-3-perqind-e-shqiptareve-vendimi-i-bashes-per-berishen-eshte-i-gabuar\/","title":{"rendered":"Mbyllet sondazhi\/ 73.3 p\u00ebrqind e shqiptar\u00ebve: Vendimi i Bash\u00ebs p\u00ebr Berish\u00ebn \u00ebsht\u00eb i gabuar\u2026"},"content":{"rendered":"<p>Mbyllet sondazhi i realizuar nga SYRI TV dhe SYRI.net.<\/p>\n<p>Qytetar\u00ebt shqiptar\u00eb u pyet\u00ebn n\u00ebse ishte i drejt\u00eb vendimi i Lulzim Bash\u00ebs p\u00ebr largimin e Sali Berish\u00ebs. N\u00eb total,\u00a0<strong>73.3<\/strong>\u00a0p\u00ebrqind e shqiptar\u00ebve, mendojn\u00eb se vendimi i Bash\u00ebs ishte i gabuar.<\/p>\n<p><strong>23.3<\/strong> p\u00ebrqind e votuesve mendojn\u00eb se vendimi i Bash\u00ebs ishte i drejt\u00eb. Nd\u00ebrkoh\u00eb<strong>\u00a03.3<\/strong> p\u00ebrqind, nuk kan\u00eb shprehur mendim p\u00ebr \u00e7\u00ebshtjen n\u00eb fjal\u00eb. E p\u00ebrkthyer n\u00eb shifra: n\u00eb total kan\u00eb votuar\u00a0<strong>17.155<\/strong> persona. Prej tyre,\u00a0<strong>4001<\/strong>\u00a0kan\u00eb deklaruar vot\u00ebn e tyre pro vendimit t\u00eb Lulzim Bash\u00ebs.<\/p>\n<p><strong>12.583<\/strong> jan\u00eb shprehur kund\u00ebr k\u00ebtij vendimi.\u00a0<strong>571<\/strong> thon\u00eb se nuk kan\u00eb mendim.<\/p>\n<p>Kujtojm\u00eb se nj\u00eb sondazh televiziv i para disa dit\u00ebve, zbuloi se mbi 70 p\u00ebrqind e demokrat\u00ebve jan\u00eb kund\u00ebr vendimit t\u00eb Lulzim Bash\u00ebs.<img loading=\"lazy\" decoding=\"async\" class=\"alignnone size-full wp-image-202215\" src=\"https:\/\/zjarr.tv\/wp-content\/uploads\/2021\/09\/f.png\" alt=\"\" width=\"559\" height=\"495\" \/><\/p>\n<p>&nbsp;<\/p>","protected":false},"excerpt":{"rendered":"<p>Mbyllet sondazhi i realizuar nga SYRI TV dhe SYRI.net. Qytetar\u00ebt shqiptar\u00eb u pyet\u00ebn n\u00ebse ishte i drejt\u00eb vendimi i Lulzim Bash\u00ebs p\u00ebr largimin e Sali Berish\u00ebs. N\u00eb total,\u00a073.3\u00a0p\u00ebrqind e shqiptar\u00ebve, mendojn\u00eb se vendimi i Bash\u00ebs ishte i gabuar. 23.3 p\u00ebrqind e votuesve mendojn\u00eb se vendimi i Bash\u00ebs ishte i drejt\u00eb. Nd\u00ebrkoh\u00eb\u00a03.3 p\u00ebrqind, nuk kan\u00eb shprehur [&hellip;]<\/p>\n","protected":false},"author":2016,"featured_media":93726,"comment_status":"closed","ping_status":"closed","sticky":false,"template":"","format":"standard","meta":{"footnotes":""},"categories":[241,1454],"tags":[5027],"class_list":{"0":"post-202209","1":"post","2":"type-post","3":"status-publish","4":"format-standard","5":"has-post-thumbnail","7":"category-aktualitet","8":"category-politike","9":"tag-lajme-zjarr-mbyllet-sondazhi-zjarr-tv"},"_links":{"self":[{"href":"https:\/\/zjarr.tv\/en\/wp-json\/wp\/v2\/posts\/202209","targetHints":{"allow":["GET"]}}],"collection":[{"href":"https:\/\/zjarr.tv\/en\/wp-json\/wp\/v2\/posts"}],"about":[{"href":"https:\/\/zjarr.tv\/en\/wp-json\/wp\/v2\/types\/post"}],"author":[{"embeddable":true,"href":"https:\/\/zjarr.tv\/en\/wp-json\/wp\/v2\/users\/2016"}],"replies":[{"embeddable":true,"href":"https:\/\/zjarr.tv\/en\/wp-json\/wp\/v2\/comments?post=202209"}],"version-history":[{"count":0,"href":"https:\/\/zjarr.tv\/en\/wp-json\/wp\/v2\/posts\/202209\/revisions"}],"wp:featuredmedia":[{"embeddable":true,"href":"https:\/\/zjarr.tv\/en\/wp-json\/wp\/v2\/media\/93726"}],"wp:attachment":[{"href":"https:\/\/zjarr.tv\/en\/wp-json\/wp\/v2\/media?parent=202209"}],"wp:term":[{"taxonomy":"category","embeddable":true,"href":"https:\/\/zjarr.tv\/en\/wp-json\/wp\/v2\/categories?post=202209"},{"taxonomy":"post_tag","embeddable":true,"href":"https:\/\/zjarr.tv\/en\/wp-json\/wp\/v2\/tags?post=202209"}],"curies":[{"name":"wp","href":"https:\/\/api.w.org\/{rel}","templated":true}]}}