{"id":202229,"date":"2021-09-14T13:51:43","date_gmt":"2021-09-14T11:51:43","guid":{"rendered":"https:\/\/zjarr.tv\/?p=202229"},"modified":"2021-09-14T13:51:43","modified_gmt":"2021-09-14T11:51:43","slug":"edi-rama-i-jep-medalje-kancelares-gjermane-danke-angela","status":"publish","type":"post","link":"https:\/\/zjarr.tv\/en\/edi-rama-i-jep-medalje-kancelares-gjermane-danke-angela\/","title":{"rendered":"Edi Rama i jep medalje kancelares gjermane: Danke Angela"},"content":{"rendered":"<p>N\u00eb nj\u00eb ceremoni t\u00eb shkurt\u00ebr, Kryeministri Edi Rama i ka akorduar kancelares gjermane Angela Merkel, nj\u00eb medalje p\u00ebr mir\u00ebnjohje publike. Rama tha disa fjal\u00eb t\u00eb shkurtra pas me batut\u00eb shtoi se e di q\u00eb kancelarja nuk i duron fjalimet, duke k\u00ebrkuar vet\u00ebm nj\u00eb foto.<\/p>\n<p>\u201cDanke Angela. K\u00ebnaq\u00ebsi e ve\u00e7ant\u00eb t\u2019ju nderoj, n\u00eb em\u00ebr t\u00eb Shqip\u00ebris\u00eb, me Kordonin e madh me yll t\u00eb Medaljes s\u00eb Kryeministrit p\u00ebr Mir\u00ebnjohje Publike\u201d,\u00a0shkruan Rama.<\/p>\n<p><strong>Pjes\u00eb nga biseda<\/strong><\/p>\n<p><strong>Rama:<\/strong>\u00a0<em>Ky \u00ebsht\u00eb Ylli i Mir\u00ebnjohjes dhe ky \u00ebsht\u00eb simboli i Heroit ton\u00eb Komb\u00ebtar Sk\u00ebnd\u00ebrbeut, i cili mbrojti Shqip\u00ebrin\u00eb nga pushtimi e u mbiquajti edhe \u201cAtleti i Krishti\u201d si mbrojt\u00ebs i krisht\u00ebrimit. <\/em><em>K\u00ebshtu q\u00eb mendoj se ju detyrohemi ju. Nuk do t\u00eb mbaj ndonj\u00eb fjalim k\u00ebtu sepse e do q\u00eb ju nuk para i duroni k\u00ebshtu q\u00eb mjaftohemi me nj\u00eb foto.<\/em><\/p>\n<p><strong>Merkel:<\/strong>\u00a0<em>Faleminderit shum\u00eb. Jam e vet\u00ebdijshme q\u00eb \u00ebsht\u00eb nj\u00eb nder i madh dhe ishte nj\u00eb gj\u00eb e mir\u00eb p\u00ebr mua t\u00eb punoja me ju.<\/em><\/p>\n<p><img loading=\"lazy\" decoding=\"async\" class=\"alignnone size-full wp-image-202230\" src=\"https:\/\/zjarr.tv\/wp-content\/uploads\/2021\/09\/st.png\" alt=\"\" width=\"541\" height=\"300\" \/><\/p>","protected":false},"excerpt":{"rendered":"<p>N\u00eb nj\u00eb ceremoni t\u00eb shkurt\u00ebr, Kryeministri Edi Rama i ka akorduar kancelares gjermane Angela Merkel, nj\u00eb medalje p\u00ebr mir\u00ebnjohje publike. Rama tha disa fjal\u00eb t\u00eb shkurtra pas me batut\u00eb shtoi se e di q\u00eb kancelarja nuk i duron fjalimet, duke k\u00ebrkuar vet\u00ebm nj\u00eb foto. \u201cDanke Angela. K\u00ebnaq\u00ebsi e ve\u00e7ant\u00eb t\u2019ju nderoj, n\u00eb em\u00ebr t\u00eb Shqip\u00ebris\u00eb, [&hellip;]<\/p>\n","protected":false},"author":2016,"featured_media":202231,"comment_status":"closed","ping_status":"closed","sticky":false,"template":"","format":"standard","meta":{"footnotes":""},"categories":[241,1454],"tags":[5028],"class_list":{"0":"post-202229","1":"post","2":"type-post","3":"status-publish","4":"format-standard","5":"has-post-thumbnail","7":"category-aktualitet","8":"category-politike","9":"tag-lajme-zjarr-rama-i-jep-medalje-kancelares-zjarr-tv"},"_links":{"self":[{"href":"https:\/\/zjarr.tv\/en\/wp-json\/wp\/v2\/posts\/202229","targetHints":{"allow":["GET"]}}],"collection":[{"href":"https:\/\/zjarr.tv\/en\/wp-json\/wp\/v2\/posts"}],"about":[{"href":"https:\/\/zjarr.tv\/en\/wp-json\/wp\/v2\/types\/post"}],"author":[{"embeddable":true,"href":"https:\/\/zjarr.tv\/en\/wp-json\/wp\/v2\/users\/2016"}],"replies":[{"embeddable":true,"href":"https:\/\/zjarr.tv\/en\/wp-json\/wp\/v2\/comments?post=202229"}],"version-history":[{"count":0,"href":"https:\/\/zjarr.tv\/en\/wp-json\/wp\/v2\/posts\/202229\/revisions"}],"wp:featuredmedia":[{"embeddable":true,"href":"https:\/\/zjarr.tv\/en\/wp-json\/wp\/v2\/media\/202231"}],"wp:attachment":[{"href":"https:\/\/zjarr.tv\/en\/wp-json\/wp\/v2\/media?parent=202229"}],"wp:term":[{"taxonomy":"category","embeddable":true,"href":"https:\/\/zjarr.tv\/en\/wp-json\/wp\/v2\/categories?post=202229"},{"taxonomy":"post_tag","embeddable":true,"href":"https:\/\/zjarr.tv\/en\/wp-json\/wp\/v2\/tags?post=202229"}],"curies":[{"name":"wp","href":"https:\/\/api.w.org\/{rel}","templated":true}]}}