{"id":202236,"date":"2021-09-14T14:27:55","date_gmt":"2021-09-14T12:27:55","guid":{"rendered":"https:\/\/zjarr.tv\/?p=202236"},"modified":"2021-09-14T14:27:55","modified_gmt":"2021-09-14T12:27:55","slug":"a-do-kthehet-meta-ne-krye-te-partise-flet-kejdi-mehmetaj-lsi-nuk-kerkoi-deputete-nga-pd-pika-qe-na-bashkon-me-bashen","status":"publish","type":"post","link":"https:\/\/zjarr.tv\/en\/a-do-kthehet-meta-ne-krye-te-partise-flet-kejdi-mehmetaj-lsi-nuk-kerkoi-deputete-nga-pd-pika-qe-na-bashkon-me-bashen\/","title":{"rendered":"A do kthehet Meta n\u00eb krye t\u00eb partis\u00eb? Flet Kejdi Mehmetaj: LSI nuk k\u00ebrkoi deputet\u00eb nga PD, pika q\u00eb na bashkon me Bash\u00ebn\u2026"},"content":{"rendered":"<p>L\u00ebvizja Socialiste p\u00ebr Integrim, ka hyr\u00eb n\u00eb Kuvend n\u00eb k\u00ebt\u00eb sesion parlamentar me vet\u00ebm kat\u00ebr deputet\u00eb, nj\u00eb num\u00ebr i pamjaftuesh\u00ebm p\u00ebr formimin e nj\u00eb grupi parlamentar. Z\u00ebrave sw PD refuzoi <strong><em>\u00a0<\/em><\/strong>t\u2019i jap\u00eb deputet\u00eb p\u00ebr t\u00eb formuar kuotat e nevojshme iu p\u00ebrgjigj sot n\u00eb \u201cABC Live\u201d, n\u00ebnkryetarja e k\u00ebsaj partie Kejdi Mehemetaj.<\/p>\n<p>Ajo tha se n\u00eb fakt LSI nuk i ka k\u00ebrkuar deputet\u00eb hua PD-s\u00eb, pasi gjykon se mund t\u00eb b\u00ebj\u00eb opozit\u00eb edhe me numrin e p\u00ebrfaq\u00ebsuesve q\u00eb ajo siguroi nga zgjedhjet e 25 prillit. Mehmetaj theksoi se edhe nj\u00eb deputet i vet\u00ebm mund t\u00eb b\u00ebj\u00eb opozit\u00eb, duke ngritur kauza n\u00eb parlament, nd\u00ebrsa strukturimin n\u00eb grupe parlamentare e cil\u00ebsoi nj\u00eb \u00e7\u00ebshtje teknike q\u00eb sipas saj nuk do e pengoj\u00eb LSI-n\u00eb n\u00eb misionin e saj. <em>\u201cLSI nuk i ka k\u00ebrkuar PD-s\u00eb deputet\u00eb hua p\u00ebr t\u00eb k\u00ebrkuar nj\u00eb grup parlamentar. Jemi futur n\u00eb Kuvend me kat\u00ebr deputet\u00eb. Gjykojm\u00eb q\u00eb p\u00ebr t\u00eb b\u00ebr\u00eb opozit\u00eb n\u00eb parlament, nuk \u00ebsht\u00eb domosdoshm\u00ebri p\u00ebr t\u00eb pasur grup parlamentar. Edhe nj\u00eb deputet i vet\u00ebm jo m\u00eb kat\u00ebr, mund t\u00eb ngren\u00eb nisma shum\u00eb m\u00eb tep\u00ebr se nj\u00eb grup me 50-60 deputet\u00eb. Ne kemi p\u00ebr t\u00eb p\u00ebrfaq\u00ebsuar 107 mij\u00eb votat e qytetar\u00ebve n\u00eb t\u00eb gjith\u00eb Shqip\u00ebrin\u00eb q\u00eb meritojn\u00eb t\u00eb nj\u00ebjt\u00ebn v\u00ebmendje. Nuk do jet\u00eb shqet\u00ebsim p\u00ebr ndjek\u00ebsit tan\u00eb n\u00ebse jemi nj\u00eb grup parlamentar apo jo.<\/em><\/p>\n<p><em>T\u00eb gjith\u00eb mekanizmat parlamenti ia ofron edhe nj\u00eb deputeti tjet\u00ebr. Grupi parlamentar mund t\u00eb ket\u00eb facilitete teknike. Kjo \u00ebsht\u00eb zgjedhja q\u00eb LSI ka b\u00ebr\u00eb. Nuk jemi n\u00eb nj\u00eb situat\u00eb kur PD nuk na ka dh\u00ebn\u00eb deputet\u00eb por ne nuk kemi k\u00ebrkuar. LSI edhe p\u00ebrpara zgjedhjeve nuk i ka k\u00ebrkuar Bash\u00ebs p\u00ebrfaq\u00ebsues n\u00eb lista. Ne kemi qen\u00eb t\u00eb bindur. Ka vet\u00ebm nj\u00eb pik\u00eb q\u00eb na vazhdon me Bash\u00ebn, q\u00eb t\u00eb mos tradhtojm\u00eb kauz\u00ebn opozitare. LSI nuk e ka tradhtuar asnj\u00ebher\u00eb k\u00ebt\u00eb kauz\u00eb\u201d<\/em>, u shpreh ajo. Ajo p\u00ebrjashtoi bashk\u00ebpunim me Partin\u00eb Socialiste, nd\u00ebrsa edhe nj\u00ebher\u00eb shprehu publikisht vot\u00ebn e kat\u00ebr deputet\u00ebve, t\u00eb LSI kund\u00ebr zgjedhjes s\u00eb Lindita Nikoll\u00ebs si kryetare Kuvendi, duke b\u00ebr\u00eb q\u00eb emrat e dy votave q\u00eb u bashkuan me PS t\u00eb mbeten enigm\u00eb.<\/p>\n<p><em>\u201cLSI \u00ebsht\u00eb kund\u00ebr modelit qeveris\u00ebs s\u00eb Partis\u00eb Socialiste. Nuk kemi asnj\u00eb arsye q\u00eb ne prej nesh t\u00eb votoj\u00eb pro Nikoll\u00ebs. Mendoj q\u00eb n\u00eb k\u00ebt\u00eb pozicion LSI mban q\u00ebndrimet esaj dhe nuk ka asnj\u00eb arsye t\u00eb hedh\u00eb nj\u00eb vot\u00eb m\u00eb pak apo m\u00eb tep\u00ebr. Edhe kur u votua p\u00ebr Ru\u00e7in, LSI nuk ka marr\u00eb pjes\u00eb n\u00eb votim, por s\u00ebrish Ru\u00e7i mori m\u00eb shum\u00eb vota\u201d,<\/em> u shpreh ajo. Mehmetaj n\u00ebnvizoi se vota e LSI, do t\u00eb jet\u00eb opozitare nd\u00ebrsa u ndal t\u00eb fliste edhe p\u00ebr largimin e Luan Ram\u00ebs nga partia, i cili pas 30 vitesh karrier\u00eb politike ka vendosur t\u2019i kthehet gazetaris\u00eb.<\/p>\n<p><em>\u201cVota jon\u00eb do jet\u00eb vot\u00eb opozitare pa asnj\u00eb diskutim. Ne do t\u00eb p\u00ebrfaq\u00ebsojm\u00eb vullnetin e atyre q\u00eb na kan\u00eb votuar. Q\u00ebndrimet tona p\u00ebrkundrejt\u00a0 Edi Ram\u00ebs, nuk p\u00ebrb\u00ebjn\u00eb asnj\u00eb dyshim dhe asnj\u00eb pik\u00ebpyetje. Luan Rama mbajti nj\u00eb q\u00ebndrim publik dhe mbajti p\u00ebrgjegj\u00ebsit\u00eb e tij. Ka njer\u00ebz q\u00eb hyjn\u00eb dhe dalin nga politika. LSI nuk ka p\u00ebr t\u00eb pasur m\u00eb largime por vet\u00ebm afrime. P\u00ebr shkak t\u00eb q\u00ebndrimit q\u00eb mbajt\u00ebm n\u00eb fushat\u00eb, LSI do t\u00eb shoh\u00eb vet\u00ebm zgjerim. Ekipi i ri do t\u00eb marr\u00eb nj\u00eb rol t\u00eb r\u00ebnd\u00ebsish\u00ebm n\u00eb vendosjen e kauzave n\u00eb problemet e t\u00eb rinjve, problemet e grave dhe arsimit\u201d<\/em>, tha n\u00ebnkryetarja e LSI. Lidhur me rikthimin e mundsh\u00ebm t\u00eb Ilir Met\u00ebs n\u00eb krye t\u00eb LSI, Mehmetaj deklaroi se kjo \u00ebsht\u00eb nj\u00eb \u00e7\u00ebshtje q\u00eb mund t\u00eb diskutohet pas korrikut 2022, duke shprehur bindjen se Gjykata Kushtetuese nuk do votoj\u00eb pro shkarkimit t\u00eb tij.<\/p>\n<p><em>\u201cIlir Meta \u00ebsht\u00eb president. P\u00ebr sa koh\u00eb nuk kemi nj\u00eb vendim t\u00eb gjykay\u00ebs Kushtetuese q\u00eb mendoj se nuk do jet\u00eb kundra tij. P\u00ebr sa koh\u00eb \u00ebsht\u00eb president e respektojm\u00eb si president. Ai ka themeluar LSI-n\u00eb. Ne nuk kemi dyshimin m\u00eb t\u00eb vog\u00ebl p\u00ebr t\u00eb pranuar apo jo at\u00eb q\u00eb ka themeluar LSI-n\u00eb. Deri n\u00eb korrik t\u00eb vitit t\u00eb ardhsh\u00ebm duhet t\u00eb respektojm\u00eb rolin e presidentit\u201d<\/em>, u shpreh Mehmetaj.<\/p>","protected":false},"excerpt":{"rendered":"<p>L\u00ebvizja Socialiste p\u00ebr Integrim, ka hyr\u00eb n\u00eb Kuvend n\u00eb k\u00ebt\u00eb sesion parlamentar me vet\u00ebm kat\u00ebr deputet\u00eb, nj\u00eb num\u00ebr i pamjaftuesh\u00ebm p\u00ebr formimin e nj\u00eb grupi parlamentar. Z\u00ebrave sw PD refuzoi \u00a0t\u2019i jap\u00eb deputet\u00eb p\u00ebr t\u00eb formuar kuotat e nevojshme iu p\u00ebrgjigj sot n\u00eb \u201cABC Live\u201d, n\u00ebnkryetarja e k\u00ebsaj partie Kejdi Mehemetaj. Ajo tha se n\u00eb [&hellip;]<\/p>\n","protected":false},"author":2016,"featured_media":202237,"comment_status":"closed","ping_status":"closed","sticky":false,"template":"","format":"standard","meta":{"footnotes":""},"categories":[241,1454],"tags":[1030],"class_list":{"0":"post-202236","1":"post","2":"type-post","3":"status-publish","4":"format-standard","5":"has-post-thumbnail","7":"category-aktualitet","8":"category-politike","9":"tag-lajme-zjarr-flet-kejdi-mehmetaj-zjarr-tv"},"_links":{"self":[{"href":"https:\/\/zjarr.tv\/en\/wp-json\/wp\/v2\/posts\/202236","targetHints":{"allow":["GET"]}}],"collection":[{"href":"https:\/\/zjarr.tv\/en\/wp-json\/wp\/v2\/posts"}],"about":[{"href":"https:\/\/zjarr.tv\/en\/wp-json\/wp\/v2\/types\/post"}],"author":[{"embeddable":true,"href":"https:\/\/zjarr.tv\/en\/wp-json\/wp\/v2\/users\/2016"}],"replies":[{"embeddable":true,"href":"https:\/\/zjarr.tv\/en\/wp-json\/wp\/v2\/comments?post=202236"}],"version-history":[{"count":0,"href":"https:\/\/zjarr.tv\/en\/wp-json\/wp\/v2\/posts\/202236\/revisions"}],"wp:featuredmedia":[{"embeddable":true,"href":"https:\/\/zjarr.tv\/en\/wp-json\/wp\/v2\/media\/202237"}],"wp:attachment":[{"href":"https:\/\/zjarr.tv\/en\/wp-json\/wp\/v2\/media?parent=202236"}],"wp:term":[{"taxonomy":"category","embeddable":true,"href":"https:\/\/zjarr.tv\/en\/wp-json\/wp\/v2\/categories?post=202236"},{"taxonomy":"post_tag","embeddable":true,"href":"https:\/\/zjarr.tv\/en\/wp-json\/wp\/v2\/tags?post=202236"}],"curies":[{"name":"wp","href":"https:\/\/api.w.org\/{rel}","templated":true}]}}