{"id":202257,"date":"2021-09-14T15:42:29","date_gmt":"2021-09-14T13:42:29","guid":{"rendered":"https:\/\/zjarr.tv\/?p=202257"},"modified":"2021-09-14T15:42:29","modified_gmt":"2021-09-14T13:42:29","slug":"deputeti-i-pd-paralajmeron-shba-do-te-shpalle-non-grata-edhe-nga-radhet-e-ps-perjashtimi-i-berishes-ishte-ne-te-mire-te-demokrateve","status":"publish","type":"post","link":"https:\/\/zjarr.tv\/en\/deputeti-i-pd-paralajmeron-shba-do-te-shpalle-non-grata-edhe-nga-radhet-e-ps-perjashtimi-i-berishes-ishte-ne-te-mire-te-demokrateve\/","title":{"rendered":"Deputeti i PD paralajm\u00ebron: SHBA do t\u00eb shpall\u00eb \u201cnon grata\u201d edhe nga radh\u00ebt e PS\/ P\u00ebrjashtimi i Berish\u00ebs ishte n\u00eb t\u00eb mir\u00eb t\u00eb demokrat\u00ebve"},"content":{"rendered":"<p>Deputeti i Partis\u00eb Demokratike, Dashnor ka folur dit\u00ebn e sotme p\u00ebr zhvillimet e fundit brenda k\u00ebsaj force politike. Ai u shpreh se vendimi i kreut t\u00eb PD, Lulzim Basha, p\u00ebr t\u00eb p\u00ebrjashtuar ish-kryeministrin Sali Berisha nga Grupi Parlamentar ishte ai i duhuri, pasi n\u00eb t\u00eb kund\u00ebrt sipas tij, PD-ja do t\u00eb vendosej n\u00eb shum\u00eb v\u00ebshtir\u00ebsi.<\/p>\n<p>Deputeti Sula paralajm\u00ebroi n\u00eb \u201cNews 24\u201dse SHBA ka nj\u00eb list\u00eb tjet\u00ebr me emra q\u00eb do t\u00eb shpallen \u201cnon grata\u201d edhe nga radh\u00ebt e PS, duke shtuar se Sali Berisha duhet t\u00eb heq\u00eb dor\u00eb\u00a0 nga aksioni i tij brenda partis\u00eb p\u00ebr rivendosjen e kushtetutshm\u00ebris\u00eb, pasi kjo do e d\u00ebmtonte\u00a0 Partin\u00eb Demokratike.<\/p>\n<p><strong>Pyetje: Vendimi i Bash\u00ebs p\u00ebr t\u00eb p\u00ebrjashtuar Berish\u00ebn, ishte i drejt\u00eb apo jo?<\/strong><\/p>\n<p><strong>Dashnor Sula<\/strong>:\u00a0Shpreh keqardhjen p\u00ebr gjendjen e krijuar. Por sigurisht sot jemi n\u00eb rrethana t\u00eb tjera, n\u00eb nj\u00eb situat\u00eb jo normale p\u00ebr PD. Duke pasur parasysh q\u00eb PD duhet t\u00eb ishte n\u00eb pushtet dhe do t\u00eb flisnim me nj\u00eb gjuh\u00eb tjet\u00ebr sot. Por duke marr parasysh situat\u00ebn q\u00eb ndodhemi dhe vendimet e marra nga PD do t\u00eb b\u00ebhet nj\u00eb analiz\u00eb e thell\u00eb, p\u00ebr t\u00eb kuptuar se pse erdhi ky muaji. Shkaku kryesor, e k\u00ebt\u00eb e them jo si deputet, por si qytetar, ka qen\u00eb masakra elektorale. Kjo solli dhe pasoj\u00ebn e k\u00ebtij rezultati. Vota popullore ka qen\u00eb p\u00ebr PD, por u devijua. N\u00ebse do t\u00eb b\u00ebjm\u00eb nj\u00eb analiz\u00eb t\u00eb holl\u00ebsishme, kuptohet q\u00eb kan\u00eb qen\u00eb dhe faktor t\u00eb jasht\u00ebm q\u00eb ndikuan n\u00eb k\u00ebt\u00eb rezultat. \u00c7\u2019kuptojm\u00eb me k\u00ebt\u00eb? Natyrisht p\u00ebrfshihet dhe ndryshimet e kodit zgjedhor, q\u00eb u prish nga zoti Rama, pasi do t\u00eb flisnim me nj\u00eb rezultat tjet\u00ebr n\u00eb zgjedhje. Kjo pse ndodhi, pse nuk u nd\u00ebrhy nga nd\u00ebrkomb\u00ebtar\u00ebt, sepse dihet se \u00e7far\u00eb roli kan\u00eb nd\u00ebrkomb\u00ebtar\u00ebt n\u00eb Shqip\u00ebri, sepse ndikojn\u00eb drejtp\u00ebrs\u00ebdrejti te shqiptar\u00ebt. Pik\u00ebrisht kjo lloj mosnd\u00ebrhyrje e drejtp\u00ebrdrejt e SHBA-ve dhe vendeve t\u00eb BE q\u00eb ishin garante e marr\u00ebveshjes s\u00eb 5 qershorit, por pik\u00ebrisht pse s\u2019u b\u00eb kjo nd\u00ebrhyrje? Sepse PD kishte disa gj\u00ebra q\u00eb nuk ishin n\u00eb koherenc\u00eb me SHBA-t\u00eb. Sapo mbaruam zgjedhjet vjen vendimi p\u00ebr t\u00eb shpallur \u2018non grata\u2019 Berish\u00ebn. SHBA-t\u00eb dihen kush jan\u00eb, jan\u00eb garanti i demokracis\u00eb n\u00eb bot\u00eb. Pa diskutim un\u00eb s\u2019e lidh me emra konkret\u00eb, por edhe sikur sot kryetari Basha i cili \u00ebsht\u00eb kryetari jon\u00eb, n\u00ebse do t\u00eb ndodhte t\u00eb ishte person non grata, un\u00eb do t\u00eb isha i pari q\u00eb do t\u00eb k\u00ebrkoja q\u00eb ai t\u00eb hapte rrug\u00ebn sepse s\u2019jan\u00eb individ\u00ebt p\u00ebrpara partis\u00eb. Un\u00eb jam i bindur q\u00eb SHBA-t\u00eb si\u00e7 flitet, kan\u00eb nj\u00eb list\u00eb tjet\u00ebr t\u00eb personave non grata, edhe brenda PS. SHBA-t\u00eb zgjedhin koh\u00ebn dhe momentin e duhur p\u00ebr t\u00eb b\u00ebr\u00eb k\u00ebt\u00eb vendim. Mendoj dhe aludoj gjithnj\u00eb, q\u00eb zoti Basha mund t\u00eb ken\u00eb pasur dijeni p\u00ebr k\u00ebt\u00eb vendim, sigurisht mund t\u00eb ndikonte dhe te zgjedhjet e 25 prillit n\u00ebse ajo shpallej m\u00eb her\u00ebt. Mendoj se n\u00ebse \u00ebsht\u00eb e v\u00ebrtet\u00eb, zgjedhja \u00ebsht\u00eb e drejt\u00eb. Ndjesia e demokrat\u00ebve p\u00ebr zotin Berisha \u00ebsht\u00eb shum\u00eb e madhe. Un\u00eb s\u2019e teproj ta them q\u00eb p\u00ebr mua dhe brezin tim zoti Berisha \u00ebsht\u00eb udh\u00ebheq\u00ebsi yn\u00eb shpirt\u00ebror.<\/p>\n<p><strong>Pyetje: Si e komentoni vedimin e marr\u00eb nga Basha n\u00eb m\u00ebnyr\u00eb individuale?<\/strong><\/p>\n<p><strong>Dashnor Sula<\/strong>:\u00a0Nga pik\u00ebpamja e procedur\u00ebs l\u00eb p\u00ebr t\u00eb d\u00ebshiruar, por nga pik\u00ebpamja e ruajtjes dhe ekzistenc\u00ebs s\u00eb PD \u00ebsht\u00eb p\u00ebr t\u2019u fal\u00ebnderuar zoti Basha. P\u00ebr mua n\u00ebse do t\u00eb hidhej n\u00eb votim, t\u00eb jeni t\u00eb sigurt q\u00eb nuk do t\u00eb realizohej ky vendim. Por n\u00ebse b\u00ebhej kjo do t\u00eb kthehej PD n\u00eb nj\u00eb organizat\u00eb. Pse e them k\u00ebt\u00eb? E them se nga komunikimet e Reeker, PD do t\u00eb ishte n\u00eb nj\u00eb kolaps t\u00eb thell\u00eb. Ndjej keqardhje si demokrat, si person q\u00eb e admiroj zotin Berisha, por kjo ishte n\u00eb t\u00eb mir\u00eb t\u00eb PD.<\/p>","protected":false},"excerpt":{"rendered":"<p>Deputeti i Partis\u00eb Demokratike, Dashnor ka folur dit\u00ebn e sotme p\u00ebr zhvillimet e fundit brenda k\u00ebsaj force politike. Ai u shpreh se vendimi i kreut t\u00eb PD, Lulzim Basha, p\u00ebr t\u00eb p\u00ebrjashtuar ish-kryeministrin Sali Berisha nga Grupi Parlamentar ishte ai i duhuri, pasi n\u00eb t\u00eb kund\u00ebrt sipas tij, PD-ja do t\u00eb vendosej n\u00eb shum\u00eb v\u00ebshtir\u00ebsi. [&hellip;]<\/p>\n","protected":false},"author":2016,"featured_media":0,"comment_status":"closed","ping_status":"closed","sticky":false,"template":"","format":"standard","meta":{"footnotes":""},"categories":[241],"tags":[],"class_list":{"0":"post-202257","1":"post","2":"type-post","3":"status-publish","4":"format-standard","6":"category-aktualitet"},"_links":{"self":[{"href":"https:\/\/zjarr.tv\/en\/wp-json\/wp\/v2\/posts\/202257","targetHints":{"allow":["GET"]}}],"collection":[{"href":"https:\/\/zjarr.tv\/en\/wp-json\/wp\/v2\/posts"}],"about":[{"href":"https:\/\/zjarr.tv\/en\/wp-json\/wp\/v2\/types\/post"}],"author":[{"embeddable":true,"href":"https:\/\/zjarr.tv\/en\/wp-json\/wp\/v2\/users\/2016"}],"replies":[{"embeddable":true,"href":"https:\/\/zjarr.tv\/en\/wp-json\/wp\/v2\/comments?post=202257"}],"version-history":[{"count":0,"href":"https:\/\/zjarr.tv\/en\/wp-json\/wp\/v2\/posts\/202257\/revisions"}],"wp:attachment":[{"href":"https:\/\/zjarr.tv\/en\/wp-json\/wp\/v2\/media?parent=202257"}],"wp:term":[{"taxonomy":"category","embeddable":true,"href":"https:\/\/zjarr.tv\/en\/wp-json\/wp\/v2\/categories?post=202257"},{"taxonomy":"post_tag","embeddable":true,"href":"https:\/\/zjarr.tv\/en\/wp-json\/wp\/v2\/tags?post=202257"}],"curies":[{"name":"wp","href":"https:\/\/api.w.org\/{rel}","templated":true}]}}