{"id":202260,"date":"2021-09-14T15:46:35","date_gmt":"2021-09-14T13:46:35","guid":{"rendered":"https:\/\/zjarr.tv\/?p=202260"},"modified":"2021-09-14T15:46:35","modified_gmt":"2021-09-14T13:46:35","slug":"ne-sy-te-kancelares-rama-sulmon-albin-kurtin-kosova-ben-teori-konspiracioni-per-open-balkan","status":"publish","type":"post","link":"https:\/\/zjarr.tv\/en\/ne-sy-te-kancelares-rama-sulmon-albin-kurtin-kosova-ben-teori-konspiracioni-per-open-balkan\/","title":{"rendered":"N\u00eb sy t\u00eb kancelares, Rama sulmon Albin Kurtin: Kosova b\u00ebn teori konspiracioni p\u00ebr Open Balkan\u2026"},"content":{"rendered":"<p>Edi Rama nuk i ka ndaluar sulmet ndaj Albin Kurtit, pavar\u00ebsisht pse ishte n\u00eb pranin\u00eb e kancelares Angela Merkel.<\/p>\n<p>Sipas tij, Kurti po b\u00ebn konspiracion me projektin \u2018Open Balkan\u2019.<\/p>\n<p>Rama:\u00a0<em>T\u00eb 6 vendet n\u00ebnshkruajn\u00eb marr\u00ebveshje p\u00ebr tregun e p\u00ebrbashk\u00ebt rajonal.<\/em><\/p>\n<p><em>\u00cbsht\u00eb proces i ngat\u00ebrruar. Shpesh her\u00eb nj\u00eb vend b\u00ebhet shkak q\u00eb t\u00eb gjith\u00eb t\u00eb ngecin. Prandaj Open Ballkan \u00ebsht\u00eb hapur jo p\u00ebr t\u00eb p\u00ebrjashtuar nj\u00ebri, por p\u00ebr t\u00eb mos u varur nga vetot e nj\u00ebrit dhe teorit\u00eb e konspiracionit t\u00eb tjetrit. Por duke ecur para duke pasur \u201croadmap\u201d e procesit t\u00eb Berlinit.<\/em><\/p>\n<p><em>\u00c7far\u00eb ka? 4 Lirit\u00eb dhe investimet e fondit. Serbia nuk e pranonte lirin\u00eb e lir\u00eb t\u00eb njer\u00ebzve, sepse kishte paragjykimin se ajo mes Kosov\u00ebs dhe Shqip\u00ebris\u00eb do t\u00eb ishte e garantuar. Kosova nuk e shfryt\u00ebzon k\u00ebt\u00eb por rri dhe b\u00ebn teori konspiracioni p\u00ebr Open Balkan.<\/em><\/p>","protected":false},"excerpt":{"rendered":"<p>Edi Rama nuk i ka ndaluar sulmet ndaj Albin Kurtit, pavar\u00ebsisht pse ishte n\u00eb pranin\u00eb e kancelares Angela Merkel. Sipas tij, Kurti po b\u00ebn konspiracion me projektin \u2018Open Balkan\u2019. Rama:\u00a0T\u00eb 6 vendet n\u00ebnshkruajn\u00eb marr\u00ebveshje p\u00ebr tregun e p\u00ebrbashk\u00ebt rajonal. \u00cbsht\u00eb proces i ngat\u00ebrruar. Shpesh her\u00eb nj\u00eb vend b\u00ebhet shkak q\u00eb t\u00eb gjith\u00eb t\u00eb ngecin. Prandaj [&hellip;]<\/p>\n","protected":false},"author":2016,"featured_media":202261,"comment_status":"closed","ping_status":"closed","sticky":false,"template":"","format":"standard","meta":{"footnotes":""},"categories":[241,1454],"tags":[],"class_list":{"0":"post-202260","1":"post","2":"type-post","3":"status-publish","4":"format-standard","5":"has-post-thumbnail","7":"category-aktualitet","8":"category-politike"},"_links":{"self":[{"href":"https:\/\/zjarr.tv\/en\/wp-json\/wp\/v2\/posts\/202260","targetHints":{"allow":["GET"]}}],"collection":[{"href":"https:\/\/zjarr.tv\/en\/wp-json\/wp\/v2\/posts"}],"about":[{"href":"https:\/\/zjarr.tv\/en\/wp-json\/wp\/v2\/types\/post"}],"author":[{"embeddable":true,"href":"https:\/\/zjarr.tv\/en\/wp-json\/wp\/v2\/users\/2016"}],"replies":[{"embeddable":true,"href":"https:\/\/zjarr.tv\/en\/wp-json\/wp\/v2\/comments?post=202260"}],"version-history":[{"count":0,"href":"https:\/\/zjarr.tv\/en\/wp-json\/wp\/v2\/posts\/202260\/revisions"}],"wp:featuredmedia":[{"embeddable":true,"href":"https:\/\/zjarr.tv\/en\/wp-json\/wp\/v2\/media\/202261"}],"wp:attachment":[{"href":"https:\/\/zjarr.tv\/en\/wp-json\/wp\/v2\/media?parent=202260"}],"wp:term":[{"taxonomy":"category","embeddable":true,"href":"https:\/\/zjarr.tv\/en\/wp-json\/wp\/v2\/categories?post=202260"},{"taxonomy":"post_tag","embeddable":true,"href":"https:\/\/zjarr.tv\/en\/wp-json\/wp\/v2\/tags?post=202260"}],"curies":[{"name":"wp","href":"https:\/\/api.w.org\/{rel}","templated":true}]}}