{"id":202270,"date":"2021-09-14T19:41:17","date_gmt":"2021-09-14T17:41:17","guid":{"rendered":"https:\/\/zjarr.tv\/?p=202270"},"modified":"2021-09-14T19:41:17","modified_gmt":"2021-09-14T17:41:17","slug":"rama-e-hoqi-me-force-balla-i-mallengjyer-do-punojme-serish-bashke","status":"publish","type":"post","link":"https:\/\/zjarr.tv\/en\/rama-e-hoqi-me-force-balla-i-mallengjyer-do-punojme-serish-bashke\/","title":{"rendered":"Rama e hoqi me forc\u00eb\/ Balla i mall\u00ebngjyer: Do punojm\u00eb s\u00ebrish bashk\u00eb"},"content":{"rendered":"<p>Drejtimi i qarkut t\u00eb Elbasanit tashm\u00eb i \u00ebsht\u00eb besuar Damian Gjiknurit, nd\u00ebrsa Ball\u00ebn, Rama e zhvendosi n\u00eb Fier.Taulant Balla \u00ebsht\u00eb p\u00ebrsh\u00ebndetur me socialist\u00ebt e Elbasanit, me t\u00eb cil\u00ebt ka punuar prej vitesh, por tashm\u00eb do t\u2019i duhet t\u00eb drejtoj\u00eb ata t\u00eb Fierit. N\u00eb nj\u00eb postim n\u00eb rrjetet sociale, Balla shihet p\u00ebrball\u00eb socialist\u00ebve t\u00eb Elbasanit, t\u00eb cil\u00ebt i ka falenderuar p\u00ebr bashk\u00ebpunimin.<\/p>\n<p>Gjithsesi, Kryetari i Grupit Parlamentar t\u00eb Partis\u00eb Socialiste nuk t\u00ebrhiqet. Ai shton se do t\u00eb punojn\u00eb bashk\u00eb edhe n\u00eb vazhdim p\u00ebr fitoren e Partis\u00eb Socialiste n\u00eb zgjedhjet e ardhshme vendore dhe ato parlamentare n\u00eb 2025.<\/p>\n<p>\u201cElbasan.Falenderimi p\u00ebr grat\u00eb dhe burrat, vajzat dhe grat\u00eb me t\u00eb cil\u00ebt kemi punuar ngusht\u00ebsisht dhe natyrsh\u00ebm do t\u00eb punohet edhe n\u00eb vazhdim p\u00ebr fitoren e Partis\u00eb Socialiste. \ud83c\udde6\ud83c\uddf1 n\u00eb zgjedhjet e ardhshme vendore dhe ato parlamentare n\u00eb 2025,\u201d- shkruan Balla.<\/p>","protected":false},"excerpt":{"rendered":"<p>Drejtimi i qarkut t\u00eb Elbasanit tashm\u00eb i \u00ebsht\u00eb besuar Damian Gjiknurit, nd\u00ebrsa Ball\u00ebn, Rama e zhvendosi n\u00eb Fier.Taulant Balla \u00ebsht\u00eb p\u00ebrsh\u00ebndetur me socialist\u00ebt e Elbasanit, me t\u00eb cil\u00ebt ka punuar prej vitesh, por tashm\u00eb do t\u2019i duhet t\u00eb drejtoj\u00eb ata t\u00eb Fierit. N\u00eb nj\u00eb postim n\u00eb rrjetet sociale, Balla shihet p\u00ebrball\u00eb socialist\u00ebve t\u00eb Elbasanit, t\u00eb [&hellip;]<\/p>\n","protected":false},"author":2031,"featured_media":179164,"comment_status":"closed","ping_status":"closed","sticky":false,"template":"","format":"standard","meta":{"footnotes":""},"categories":[231],"tags":[],"class_list":{"0":"post-202270","1":"post","2":"type-post","3":"status-publish","4":"format-standard","5":"has-post-thumbnail","7":"category-lajme"},"_links":{"self":[{"href":"https:\/\/zjarr.tv\/en\/wp-json\/wp\/v2\/posts\/202270","targetHints":{"allow":["GET"]}}],"collection":[{"href":"https:\/\/zjarr.tv\/en\/wp-json\/wp\/v2\/posts"}],"about":[{"href":"https:\/\/zjarr.tv\/en\/wp-json\/wp\/v2\/types\/post"}],"author":[{"embeddable":true,"href":"https:\/\/zjarr.tv\/en\/wp-json\/wp\/v2\/users\/2031"}],"replies":[{"embeddable":true,"href":"https:\/\/zjarr.tv\/en\/wp-json\/wp\/v2\/comments?post=202270"}],"version-history":[{"count":0,"href":"https:\/\/zjarr.tv\/en\/wp-json\/wp\/v2\/posts\/202270\/revisions"}],"wp:featuredmedia":[{"embeddable":true,"href":"https:\/\/zjarr.tv\/en\/wp-json\/wp\/v2\/media\/179164"}],"wp:attachment":[{"href":"https:\/\/zjarr.tv\/en\/wp-json\/wp\/v2\/media?parent=202270"}],"wp:term":[{"taxonomy":"category","embeddable":true,"href":"https:\/\/zjarr.tv\/en\/wp-json\/wp\/v2\/categories?post=202270"},{"taxonomy":"post_tag","embeddable":true,"href":"https:\/\/zjarr.tv\/en\/wp-json\/wp\/v2\/tags?post=202270"}],"curies":[{"name":"wp","href":"https:\/\/api.w.org\/{rel}","templated":true}]}}