{"id":202276,"date":"2021-09-14T19:49:09","date_gmt":"2021-09-14T17:49:09","guid":{"rendered":"https:\/\/zjarr.tv\/?p=202276"},"modified":"2021-09-14T19:49:09","modified_gmt":"2021-09-14T17:49:09","slug":"ora-e-largimit-te-merkel-kancelarja-gjermane-percillet-ne-rinas-nga-rama","status":"publish","type":"post","link":"https:\/\/zjarr.tv\/en\/ora-e-largimit-te-merkel-kancelarja-gjermane-percillet-ne-rinas-nga-rama\/","title":{"rendered":"Ora e largimit t\u00eb Merkel\/ Kancelarja gjermane p\u00ebrcillet n\u00eb Rinas nga Rama"},"content":{"rendered":"<p>Kancelarja Angela Merkel ka p\u00ebrmbyllur vizit\u00ebn e saj intensive n\u00eb Tiran\u00eb. Ajo u p\u00ebrcoll n\u00eb Rinas nga kryeminisri Rama dhe ambasadori gjerman n\u00eb Shqip\u00ebris\u00eb.<\/p>\n<p>Nd\u00ebrsa zbriti nga makina p\u00ebr t\u2019iu drejtuar avionit, Merkel shk\u00ebmbeu me Ram\u00ebn nj\u00eb bised\u00eb t\u00eb shkurt\u00ebr.<\/p>\n<p>Kancelarja gjermane Angela Merkel zgjodhi Tiran\u00ebn p\u00ebr t\u00eb dh\u00ebn\u00eb \u2018mesazhet e lamtumir\u00ebs\u2019 vet\u00ebm pak dit\u00eb nga mbajtja e zgjedhjeve t\u00eb vendin e saj, pas t\u00eb cilave ajo ka deklaruar largimin pas 16 vitesh n\u00eb krye t\u00eb nj\u00eb prej shteteve m\u00eb t\u00eb r\u00ebnd\u00ebsish\u00ebm t\u00eb BE-s\u00eb.<\/p>\n<p>Merkel tha se vendi yn\u00eb s\u00eb bashku me Maqedonin\u00eb e Veriut merinonin t\u2019u hapeshin negociatat por kjo u pengua nga vetoja bullgare dhe p\u00ebr k\u00ebt\u00eb i vinte shum\u00eb keq.<\/p>\n<p>Ajo e konsideroi Procesin e Berlinit si gur themeli p\u00ebr nisjen e komunikimit jo vet\u00ebm mes Shqip\u00ebris\u00eb dhe Serbis\u00eb, por t\u00eb gjith\u00eb rajonin q\u00eb t\u00eb shoh\u00eb drejt s\u00eb ardhmes.<\/p>","protected":false},"excerpt":{"rendered":"<p>Kancelarja Angela Merkel ka p\u00ebrmbyllur vizit\u00ebn e saj intensive n\u00eb Tiran\u00eb. Ajo u p\u00ebrcoll n\u00eb Rinas nga kryeminisri Rama dhe ambasadori gjerman n\u00eb Shqip\u00ebris\u00eb. Nd\u00ebrsa zbriti nga makina p\u00ebr t\u2019iu drejtuar avionit, Merkel shk\u00ebmbeu me Ram\u00ebn nj\u00eb bised\u00eb t\u00eb shkurt\u00ebr. Kancelarja gjermane Angela Merkel zgjodhi Tiran\u00ebn p\u00ebr t\u00eb dh\u00ebn\u00eb \u2018mesazhet e lamtumir\u00ebs\u2019 vet\u00ebm pak dit\u00eb [&hellip;]<\/p>\n","protected":false},"author":2031,"featured_media":202277,"comment_status":"closed","ping_status":"closed","sticky":false,"template":"","format":"standard","meta":{"footnotes":""},"categories":[231],"tags":[],"class_list":{"0":"post-202276","1":"post","2":"type-post","3":"status-publish","4":"format-standard","5":"has-post-thumbnail","7":"category-lajme"},"_links":{"self":[{"href":"https:\/\/zjarr.tv\/en\/wp-json\/wp\/v2\/posts\/202276","targetHints":{"allow":["GET"]}}],"collection":[{"href":"https:\/\/zjarr.tv\/en\/wp-json\/wp\/v2\/posts"}],"about":[{"href":"https:\/\/zjarr.tv\/en\/wp-json\/wp\/v2\/types\/post"}],"author":[{"embeddable":true,"href":"https:\/\/zjarr.tv\/en\/wp-json\/wp\/v2\/users\/2031"}],"replies":[{"embeddable":true,"href":"https:\/\/zjarr.tv\/en\/wp-json\/wp\/v2\/comments?post=202276"}],"version-history":[{"count":0,"href":"https:\/\/zjarr.tv\/en\/wp-json\/wp\/v2\/posts\/202276\/revisions"}],"wp:featuredmedia":[{"embeddable":true,"href":"https:\/\/zjarr.tv\/en\/wp-json\/wp\/v2\/media\/202277"}],"wp:attachment":[{"href":"https:\/\/zjarr.tv\/en\/wp-json\/wp\/v2\/media?parent=202276"}],"wp:term":[{"taxonomy":"category","embeddable":true,"href":"https:\/\/zjarr.tv\/en\/wp-json\/wp\/v2\/categories?post=202276"},{"taxonomy":"post_tag","embeddable":true,"href":"https:\/\/zjarr.tv\/en\/wp-json\/wp\/v2\/tags?post=202276"}],"curies":[{"name":"wp","href":"https:\/\/api.w.org\/{rel}","templated":true}]}}