{"id":202279,"date":"2021-09-14T19:59:08","date_gmt":"2021-09-14T17:59:08","guid":{"rendered":"https:\/\/zjarr.tv\/?p=202279"},"modified":"2021-09-14T19:59:08","modified_gmt":"2021-09-14T17:59:08","slug":"meta-nderon-artistin-e-mirenjohur-shqiptar-ilir-kerni-me-dekoraten-e-larte-nderi-i-kombit","status":"publish","type":"post","link":"https:\/\/zjarr.tv\/en\/meta-nderon-artistin-e-mirenjohur-shqiptar-ilir-kerni-me-dekoraten-e-larte-nderi-i-kombit\/","title":{"rendered":"Meta nderon artistin e mir\u00ebnjohur shqiptar Ilir Kerni me Dekorat\u00ebn e lart\u00eb \u201cNderi i Kombit\u201d!"},"content":{"rendered":"<p>Presidenti i Republik\u00ebs,  Ilir Meta \u00e7moi me an\u00eb t\u00eb nj\u00eb ceremonie solemne, baletmaestron dhe drejtuesin e spikatur artistik, zotin Ilir Kerni me Dekorat\u00ebn e lart\u00eb \u201cNderi i Kombit\u201d.<\/p>\n<p>Kreu i Shtetit e \u00e7moi artistin e mir\u00ebnjohur shqiptar me fam\u00eb nd\u00ebrkomb\u00ebtare, i cili mban edhe titullin \u201cAmbasador i Kombit\u201d, me motivacionin:<\/p>\n<p>\u201cN\u00eb vler\u00ebsim t\u00eb veprimtaris\u00eb s\u00eb tij t\u00eb suksesshme artistike p\u00ebr shpalosjen e cil\u00ebsive t\u00eb spikatura si interpretues balerin, si baletmaest\u00ebr dhe drejtues artistik, duke pasqyruar pozitivisht vlerat e vyera t\u00eb artit dhe kultur\u00ebs shqiptare n\u00eb Shqip\u00ebri e n\u00eb skenat bot\u00ebrore.  N\u00eb mir\u00ebnjohje t\u00eb pasionit dhe idealizmit t\u00eb njeriut t\u00eb p\u00ebrkushtuar ndaj artit, si balerin dhe koreograf i rrall\u00eb dhe i talentuar, t\u00eb p\u00ebrkushtimit t\u00eb tij t\u00eb pashterur e t\u00eb karrier\u00ebs s\u00eb tij t\u00eb shk\u00eblqyer prej m\u00eb shum\u00eb  se 40 vitesh, pjesa m\u00eb e madhe n\u00eb skenat e huaja, duke u shnd\u00ebrruar n\u00eb nj\u00eb shembull frym\u00ebzimi p\u00ebr brezat dhe artist\u00ebt e rinj.\u201d<\/p>\n<p>Pasi ndoq\u00ebn nj\u00eb dokumentar p\u00ebr jet\u00ebn dhe veprimtarin\u00eb artistike t\u00eb baletmaestros Kerni, Presidenti Meta iu drejtua t\u00eb pranishm\u00ebve me nj\u00eb fjal\u00eb p\u00ebrsh\u00ebndet\u00ebse, ku u shpreh:<\/p>\n<p>\u201cKam nderin dhe k\u00ebnaq\u00ebsin\u00eb e ve\u00e7ant\u00eb t\u2019i akordoj sot, Dekorat\u00ebn e lart\u00eb \u2018Nderi i Kombit\u2019, nj\u00eb prej artist\u00ebve m\u00eb t\u00eb suksessh\u00ebm shqiptar\u00eb dhe m\u00eb t\u00eb dashur p\u00ebr publikun, Mjeshtrit t\u00eb baletit, Ilir Kerni.<\/p>\n<p>P\u00ebrgjat\u00eb m\u00eb shum\u00eb se 40 viteve karrier\u00eb, n\u00eb artin dhe fush\u00ebn e baletit, Ilir Kerni ka ngritur lart emrin e Shqip\u00ebris\u00eb dhe ka promovuar vlerat tona m\u00eb t\u00eb mira komb\u00ebtare, p\u00ebrmes interpretimeve t\u00eb tij, n\u00eb shum\u00eb skena dhe teatro t\u00eb bot\u00ebs.<\/p>\n<p>Ilir Kerni \u00ebsht\u00eb nj\u00eb personalitet i shquar, shum\u00eb i njohur p\u00ebr t\u00eb gjith\u00eb ne dhe shum\u00eb prezent ve\u00e7an\u00ebrisht gjat\u00eb viteve \u201980 e deri n\u00eb hapjen e Shqip\u00ebris\u00eb, por gjithashtu shum\u00eb i shquar n\u00eb k\u00ebto 30 vite, sidomos n\u00eb skenat bot\u00ebrore.<\/p>\n<p>Ai ka arritur gjat\u00eb k\u00ebtyre kat\u00ebr dekadave, t\u00eb shk\u00eblqej\u00eb me nj\u00eb repertor jasht\u00ebzakonisht t\u00eb pasur n\u00eb karrier\u00ebn e tij, tij, ku mund t\u00eb p\u00ebrmendim interpretimet e tij n\u00eb nj\u00eb s\u00ebr\u00eb rolesh si: Azem Galica tek vepra \u201cShota dhe Azem Galica\u201d,  Halili tek \u201cHalili dhe Hajria\u201d,  Basilio tek \u201cDon Kishoti\u201d, e shum\u00eb e shum\u00eb role t\u00eb tjera, t\u00eb cilat kan\u00eb shpalosur talentin  artistik t\u00eb Ilir Kernit dhe jan\u00eb mir\u00ebpritur nga artdash\u00ebsit vendas por dhe publiku i huaj.<\/p>\n<p>P\u00ebr talentin dhe karrier\u00ebn e tij t\u00eb suksesshme si balerin, ai \u00ebsht\u00eb vler\u00ebsuar me shum\u00eb \u00e7mime dhe tituj komb\u00ebtar\u00eb dhe nd\u00ebrkomb\u00ebtar\u00eb.<\/p>\n<p>Vlen p\u00ebr t\u2019u p\u00ebrmendur se Ilir Kerni mban titullin \u2018Ambasador i Kombit\u2019 fal\u00eb promovimit q\u00eb ai i ka b\u00ebr\u00eb vlerave t\u00eb jasht\u00ebzakonshme t\u00eb artit e kultur\u00ebs shqiptare, n\u00eb shum\u00eb skena europiane dhe bot\u00ebrore.<\/p>\n<p>Talenti i tij u shqua edhe n\u00eb Kroaci, ku ai k\u00ebrceu si balerin kryesor n\u00eb Teatrin Komb\u00ebtar t\u00eb Zagrebit, duke interpretuar shum\u00eb role t\u00eb baletit modern dhe klasik.<\/p>\n<p>P\u00ebrgjat\u00eb 30 viteve karrier\u00eb jasht\u00eb vendit, ai ka bashk\u00ebpunuar me shum\u00eb emra t\u00eb njohur t\u00eb baletit europian dhe bot\u00ebror.<\/p>\n<p>Ilir Kerni u shqua p\u00ebr pun\u00ebn e tij pedagogjike si pedagog n\u00eb Akademin\u00eb e Baletit n\u00eb Tiran\u00eb, por puna e tij pedagogjike \u00ebsht\u00eb e shtrir\u00eb edhe n\u00eb shum\u00eb vende t\u00eb tjera, si Japoni, Tajvan, Franc\u00eb dhe Kroaci.<\/p>\n<p>N\u00eb tetor t\u00eb vitit 2019, ai u em\u00ebrua drejtor baleti i \u2018Teatrit Komb\u00ebtar Kroat, n\u00eb Split\u2019, duke u b\u00ebr\u00eb k\u00ebshtu artisti i par\u00eb shqiptar, t\u00eb cilit i besohet nj\u00eb post drejtues n\u00eb nj\u00eb teat\u00ebr komb\u00ebtar prestigjoz jasht\u00eb vendit.<\/p>\n<p>Nj\u00eb balerin i talentuar n\u00eb skenat tona dhe ato bot\u00ebrore, koreograf i disa baleteve t\u00eb njohura, pedagog, drejtor i p\u00ebrgjithsh\u00ebm i Teatrit Komb\u00ebtar t\u00eb Operas dhe Baletit n\u00eb Tiran\u00eb, dhe tashm\u00eb drejtor baleti i Teatrit Komb\u00ebtar Kroat, n\u00eb Split, karriera e pasur e Ilir Kernit \u00ebsht\u00eb d\u00ebshmi e pun\u00ebs s\u00eb palodhur, e p\u00ebrkushtimit dhe e talentit t\u00eb tij, por mbi t\u00eb gjith\u00eb pasionit p\u00ebr baletin.<\/p>\n<p>\u2018K\u00ebrcimtar\u00ebt e m\u00ebdhenj nuk jan\u00eb t\u00eb m\u00ebdhenj p\u00ebr shkak t\u00eb teknik\u00ebs s\u00eb tyre, ata jan\u00eb t\u00eb m\u00ebdhenj p\u00ebr shkak t\u00eb pasionit t\u00eb tyre.\u2019  \u2013 ka th\u00ebn\u00eb koreografja e njohur Martha Graham.<\/p>\n<p>Dhe \u00ebsht\u00eb pasioni ai q\u00eb e ka shoq\u00ebruar Ilir Kernin n\u00eb t\u00eb gjith\u00eb jet\u00ebn e tij artistike dhe e ka ngjitur n\u00eb majat e suksesit.<\/p>\n<p>Karriera e tij me arritje t\u00eb m\u00ebdha \u00ebsht\u00eb frym\u00ebzim edhe p\u00ebr brezat e ri t\u00eb balerin\u00ebve shqiptar\u00eb, p\u00ebr t\u2019u p\u00ebrkushtuar m\u00eb shum\u00eb n\u00eb artin e bukur t\u00eb k\u00ebrcimit, dhe p\u00ebr t\u00eb promovuar vlerat tona m\u00eb t\u00eb mira komb\u00ebtare n\u00eb skenat bot\u00ebrore.<\/p>\n<p>Vendi yn\u00eb ka nxjerr\u00eb shum\u00eb talente, me t\u00eb cil\u00ebt i gjith\u00eb populli shqiptar krenohet, kur i shohim teksa arrijn\u00eb majat m\u00eb t\u00eb larta t\u00eb suksesit n\u00eb nivel nd\u00ebrkomb\u00ebtar, dhe t\u00eb cil\u00ebt p\u00ebrmes artit t\u00eb tyre sh\u00ebrbejn\u00eb si ambasador\u00eb t\u00eb pasuris\u00eb shqiptare n\u00eb vendet e tjera ku ata performojn\u00eb, punojn\u00eb dhe jetojn\u00eb.<\/p>\n<p>Artist\u00eb t\u00eb till\u00eb, jan\u00eb e do mbeten gjithmon\u00eb Nderi i Kombit ton\u00eb.\u201d<\/p>","protected":false},"excerpt":{"rendered":"<p>Presidenti i Republik\u00ebs, Ilir Meta \u00e7moi me an\u00eb t\u00eb nj\u00eb ceremonie solemne, baletmaestron dhe drejtuesin e spikatur artistik, zotin Ilir Kerni me Dekorat\u00ebn e lart\u00eb \u201cNderi i Kombit\u201d. Kreu i Shtetit e \u00e7moi artistin e mir\u00ebnjohur shqiptar me fam\u00eb nd\u00ebrkomb\u00ebtare, i cili mban edhe titullin \u201cAmbasador i Kombit\u201d, me motivacionin: \u201cN\u00eb vler\u00ebsim t\u00eb veprimtaris\u00eb s\u00eb [&hellip;]<\/p>\n","protected":false},"author":2031,"featured_media":0,"comment_status":"closed","ping_status":"closed","sticky":false,"template":"","format":"standard","meta":{"footnotes":""},"categories":[1],"tags":[],"class_list":{"0":"post-202279","1":"post","2":"type-post","3":"status-publish","4":"format-standard","6":"category-uncategorized-sq"},"_links":{"self":[{"href":"https:\/\/zjarr.tv\/en\/wp-json\/wp\/v2\/posts\/202279","targetHints":{"allow":["GET"]}}],"collection":[{"href":"https:\/\/zjarr.tv\/en\/wp-json\/wp\/v2\/posts"}],"about":[{"href":"https:\/\/zjarr.tv\/en\/wp-json\/wp\/v2\/types\/post"}],"author":[{"embeddable":true,"href":"https:\/\/zjarr.tv\/en\/wp-json\/wp\/v2\/users\/2031"}],"replies":[{"embeddable":true,"href":"https:\/\/zjarr.tv\/en\/wp-json\/wp\/v2\/comments?post=202279"}],"version-history":[{"count":0,"href":"https:\/\/zjarr.tv\/en\/wp-json\/wp\/v2\/posts\/202279\/revisions"}],"wp:attachment":[{"href":"https:\/\/zjarr.tv\/en\/wp-json\/wp\/v2\/media?parent=202279"}],"wp:term":[{"taxonomy":"category","embeddable":true,"href":"https:\/\/zjarr.tv\/en\/wp-json\/wp\/v2\/categories?post=202279"},{"taxonomy":"post_tag","embeddable":true,"href":"https:\/\/zjarr.tv\/en\/wp-json\/wp\/v2\/tags?post=202279"}],"curies":[{"name":"wp","href":"https:\/\/api.w.org\/{rel}","templated":true}]}}