{"id":202283,"date":"2021-09-14T20:05:23","date_gmt":"2021-09-14T18:05:23","guid":{"rendered":"https:\/\/zjarr.tv\/?p=202283"},"modified":"2021-09-14T20:22:29","modified_gmt":"2021-09-14T18:22:29","slug":"foto-jul-deda-tallet-keq-me-gjekmarkaj-deputeti-i-te-ardhmes","status":"publish","type":"post","link":"https:\/\/zjarr.tv\/en\/foto-jul-deda-tallet-keq-me-gjekmarkaj-deputeti-i-te-ardhmes\/","title":{"rendered":"Jul Deda tallet \u201ckeq\u201d me Gjekmarkaj: Deputeti i t\u00eb ardhmes"},"content":{"rendered":"<p>Disa dit\u00eb m\u00eb par\u00eb kreu i partis\u00eb demokratike Lulzim Basha p\u00ebrjashtoi liderin historik t\u00eb PD Sali Berisha pas shpalljes \u201cnon grata\u201d nga SHBA dhe k\u00ebrkes\u00ebs s\u00eb ambasadores Yuri Kim p\u00ebr largimin e tij nga PD.<\/p>\n<p>Nj\u00eb nd\u00ebr deputet e PD q\u00eb doli pro vendimit t\u00eb Bash\u00ebs ishte deputeti i ri i sapozgjedhur Agron Gjermakaj i cili tha se PD nuk kishte alternativ\u00eb tjet\u00ebr.<\/p>\n<p>Mbr\u00ebm\u00eb Gjekmarkaj ishte i ftuar n\u00eb emisionin \u2018Opinion\u2019 ku i q\u00ebndroi n\u00eb mbrojtje deklaratave t\u00eb th\u00ebna m\u00eb par\u00eb. Gj\u00eb e cila nuk \u00ebsht\u00eb p\u00eblqyer aspak nga aktori i njohur \u2018Jul Deda\u2019 i cili ka modifikuar nj\u00eb foto t\u00eb Gjekmarkaj p\u00ebrmes nj\u00eb story n\u00eb \u2018Facebook\u2019 duke u tallur keq me deputetin e ri t\u00eb opozit\u00ebs.<\/p>","protected":false},"excerpt":{"rendered":"<p>Disa dit\u00eb m\u00eb par\u00eb kreu i partis\u00eb demokratike Lulzim Basha p\u00ebrjashtoi liderin historik t\u00eb PD Sali Berisha pas shpalljes \u201cnon grata\u201d nga SHBA dhe k\u00ebrkes\u00ebs s\u00eb ambasadores Yuri Kim p\u00ebr largimin e tij nga PD. Nj\u00eb nd\u00ebr deputet e PD q\u00eb doli pro vendimit t\u00eb Bash\u00ebs ishte deputeti i ri i sapozgjedhur Agron Gjermakaj i [&hellip;]<\/p>\n","protected":false},"author":2031,"featured_media":202284,"comment_status":"closed","ping_status":"closed","sticky":false,"template":"","format":"standard","meta":{"footnotes":""},"categories":[231],"tags":[],"class_list":{"0":"post-202283","1":"post","2":"type-post","3":"status-publish","4":"format-standard","5":"has-post-thumbnail","7":"category-lajme"},"_links":{"self":[{"href":"https:\/\/zjarr.tv\/en\/wp-json\/wp\/v2\/posts\/202283","targetHints":{"allow":["GET"]}}],"collection":[{"href":"https:\/\/zjarr.tv\/en\/wp-json\/wp\/v2\/posts"}],"about":[{"href":"https:\/\/zjarr.tv\/en\/wp-json\/wp\/v2\/types\/post"}],"author":[{"embeddable":true,"href":"https:\/\/zjarr.tv\/en\/wp-json\/wp\/v2\/users\/2031"}],"replies":[{"embeddable":true,"href":"https:\/\/zjarr.tv\/en\/wp-json\/wp\/v2\/comments?post=202283"}],"version-history":[{"count":0,"href":"https:\/\/zjarr.tv\/en\/wp-json\/wp\/v2\/posts\/202283\/revisions"}],"wp:featuredmedia":[{"embeddable":true,"href":"https:\/\/zjarr.tv\/en\/wp-json\/wp\/v2\/media\/202284"}],"wp:attachment":[{"href":"https:\/\/zjarr.tv\/en\/wp-json\/wp\/v2\/media?parent=202283"}],"wp:term":[{"taxonomy":"category","embeddable":true,"href":"https:\/\/zjarr.tv\/en\/wp-json\/wp\/v2\/categories?post=202283"},{"taxonomy":"post_tag","embeddable":true,"href":"https:\/\/zjarr.tv\/en\/wp-json\/wp\/v2\/tags?post=202283"}],"curies":[{"name":"wp","href":"https:\/\/api.w.org\/{rel}","templated":true}]}}